{"id":6193,"date":"2023-08-10T05:33:00","date_gmt":"2023-08-10T08:33:00","guid":{"rendered":"https:\/\/diariorepublica.com.ar\/web\/?p=6193"},"modified":"2023-08-10T07:37:48","modified_gmt":"2023-08-10T10:37:48","slug":"la-nueva-variante-del-covid-eg-5-pone-en-alerta-a-autoridades-de-la-oms","status":"publish","type":"post","link":"https:\/\/diariorepublica.com.ar\/web\/index.php\/internacionales\/2023\/08\/10\/la-nueva-variante-del-covid-eg-5-pone-en-alerta-a-autoridades-de-la-oms\/","title":{"rendered":"La nueva variante del COVID (EG.5) pone en alerta a autoridades de la OMS"},"content":{"rendered":"<p>Se hall\u00f3 una\u00a0nueva subvariante del virus, denominada\u00a0<strong>EG.5.1<\/strong>,\u00a0descendiente de la variante \u00d3micron\u00a0que gana terreno en pa\u00edses como\u00a0<strong>Reino Unido y Estados Unidos.<\/strong>\u00a0Esto coloc\u00f3 al virus bajo la lupa de muchos, quienes ven con temor la situaci\u00f3n.<\/p>\n<p>En este contexto incierto, la OMS public\u00f3 una serie de recomendaciones permanentes sobre el\u00a0COVID, en las que insta a los pa\u00edses a\u00a0<strong>seguir notificando los datos<\/strong>, en particular los de mortalidad y morbilidad, y a seguir ofreciendo la\u00a0<strong>vacunaci\u00f3n<\/strong>.<\/p>\n<h6>La subvariante EG.5 ya est\u00e1 en Argentina<\/h6>\n<p>Seg\u00fan inform\u00f3 la doctora Mariana Viegas, coordinadora del Proyecto Pa\u00eds, que est\u00e1 dedicado a la vigilancia gen\u00f3mica con apoyo del Ministerio de Ciencia, Tecnolog\u00eda e Innovaci\u00f3n de la Argentina,\u00a0<strong>el sublinaje EG.5 ya est\u00e1 en el pa\u00eds desde, al menos, el mes pasado.<\/strong>\u00a0Tambi\u00e9n se la detect\u00f3 en Colombia y Ecuador y Estados Unidos. En este \u00faltimo pa\u00eds se convirti\u00f3 en la m\u00e1s prevalente entre los casos detectados.<\/p>\n<p>En la actualidad, la variante EG.5 es considerada\u00a0\u00a0<strong>\u00abde inter\u00e9s\u00bb\u00a0<\/strong>tras la evaluaci\u00f3n de riesgo que hicieron expertos de esa agencia sanitaria. Pese a que el propio Tedros hab\u00eda declarado el fin de la emergencia internacional por coronavirus el pasado 5 de mayo, este mi\u00e9rcoles destac\u00f3 que\u00a0<strong>\u00abel virus sigue circulando en todos los pa\u00edses, sigue matando y mutando\u00bb.<\/strong><\/p>\n\n\n<p><\/p>\n","protected":false},"excerpt":{"rendered":"<p>Se hall\u00f3 una\u00a0nueva subvariante del virus, denominada\u00a0EG.5.1,\u00a0descendiente de la variante \u00d3micron\u00a0que gana terreno en pa\u00edses como\u00a0Reino Unido y Estados Unidos.\u00a0Esto<\/p>\n","protected":false},"author":1,"featured_media":6194,"comment_status":"closed","ping_status":"closed","sticky":false,"template":"","format":"standard","meta":{"footnotes":"","jetpack_publicize_message":"","jetpack_publicize_feature_enabled":true,"jetpack_social_post_already_shared":true,"jetpack_social_options":{"image_generator_settings":{"template":"highway","enabled":false},"version":2}},"categories":[6],"tags":[],"class_list":["post-6193","post","type-post","status-publish","format-standard","has-post-thumbnail","hentry","category-internacionales"],"jetpack_publicize_connections":[],"_links":{"self":[{"href":"https:\/\/diariorepublica.com.ar\/web\/index.php\/wp-json\/wp\/v2\/posts\/6193"}],"collection":[{"href":"https:\/\/diariorepublica.com.ar\/web\/index.php\/wp-json\/wp\/v2\/posts"}],"about":[{"href":"https:\/\/diariorepublica.com.ar\/web\/index.php\/wp-json\/wp\/v2\/types\/post"}],"author":[{"embeddable":true,"href":"https:\/\/diariorepublica.com.ar\/web\/index.php\/wp-json\/wp\/v2\/users\/1"}],"replies":[{"embeddable":true,"href":"https:\/\/diariorepublica.com.ar\/web\/index.php\/wp-json\/wp\/v2\/comments?post=6193"}],"version-history":[{"count":1,"href":"https:\/\/diariorepublica.com.ar\/web\/index.php\/wp-json\/wp\/v2\/posts\/6193\/revisions"}],"predecessor-version":[{"id":6195,"href":"https:\/\/diariorepublica.com.ar\/web\/index.php\/wp-json\/wp\/v2\/posts\/6193\/revisions\/6195"}],"wp:featuredmedia":[{"embeddable":true,"href":"https:\/\/diariorepublica.com.ar\/web\/index.php\/wp-json\/wp\/v2\/media\/6194"}],"wp:attachment":[{"href":"https:\/\/diariorepublica.com.ar\/web\/index.php\/wp-json\/wp\/v2\/media?parent=6193"}],"wp:term":[{"taxonomy":"category","embeddable":true,"href":"https:\/\/diariorepublica.com.ar\/web\/index.php\/wp-json\/wp\/v2\/categories?post=6193"},{"taxonomy":"post_tag","embeddable":true,"href":"https:\/\/diariorepublica.com.ar\/web\/index.php\/wp-json\/wp\/v2\/tags?post=6193"}],"curies":[{"name":"wp","href":"https:\/\/api.w.org\/{rel}","templated":true}]}}