{"id":6238,"date":"2023-08-11T08:00:34","date_gmt":"2023-08-11T11:00:34","guid":{"rendered":"https:\/\/diariorepublica.com.ar\/web\/?p=6238"},"modified":"2023-08-11T08:00:40","modified_gmt":"2023-08-11T11:00:40","slug":"la-politica-salarial-de-este-gobierno-es-vergonzosa","status":"publish","type":"post","link":"https:\/\/diariorepublica.com.ar\/web\/index.php\/politica\/2023\/08\/11\/la-politica-salarial-de-este-gobierno-es-vergonzosa\/","title":{"rendered":"\u00abLa politica salarial de este gobierno es vergonzosa\u00bb"},"content":{"rendered":"<p>Trabajadores Estatales Unidos de Catamarca llev\u00f3 a cabo una nueva manifestaci\u00f3n en reclamo de un salario acorde a la situacion inflacionaria actual. Tras la manifestaci\u00f3n el cpn Mauricio Hezze, Secretario General de APOC remarc\u00f3 que \u201cestamos reclamando lo que es justo. Es una pol\u00edtica salarial vergonzosa la de este gobierno, que viene a socavar el poder adquisitivo de los empleados p\u00fablicos. Las actas nefastas firmadas con algunos gremios, m\u00e1s que una verdadera burla, son un insulto a la inteligencia de cada trabajador p\u00fablico\u201d.<\/p>\n<p>Por su parte, Pablo Marzese, de Autoconvocados Ministerio de Salud \u00c1rea Central, se\u00f1al\u00f3 que \u201ctodos sabemos que la inflaci\u00f3n afecta actualmente nuestro poder adquisitivo de manera muy importante. Con los arreglos miserables realizados por el Gobierno Provincial con otros gremios, el salario no alcanza. Es evidente que no podemos comprar lo mismo que compramos antes\u201d.<\/p>\n<p>En tanto, Alberto Araoz, de Autoconvocados Maternidad Provincial, apunt\u00f3: \u201chay compa\u00f1eros que fueron amedrentados, y que no los dejan participar de esta marcha. Le pedimos al Gobierno provincial que deje de hacer o\u00eddos sordos y escuche a la gran cantidad de empleados p\u00fablicos que comparten este reclamo, que es justo\u201d.<\/p>\n<p>Por \u00faltimo, Jos\u00e9 Traverso, de Autoconvocados Hospital de Ni\u00f1os Eva Per\u00f3n, a su turno, sentenci\u00f3: \u00abcada d\u00eda somos m\u00e1s, pero sobre todos hay m\u00e1s conciencia en los empleados p\u00fablicos de lo que est\u00e1 sucediendo, por eso debemos seguir luchando para cambiar esta pol\u00edtica salarial y laboral que lleva adelante el gobierno\u201d.<\/p>\n","protected":false},"excerpt":{"rendered":"<p>Trabajadores Estatales Unidos de Catamarca llev\u00f3 a cabo una nueva manifestaci\u00f3n en reclamo de un salario acorde a la situacion<\/p>\n","protected":false},"author":2,"featured_media":6248,"comment_status":"closed","ping_status":"closed","sticky":false,"template":"","format":"standard","meta":{"footnotes":"","jetpack_publicize_message":"","jetpack_publicize_feature_enabled":true,"jetpack_social_post_already_shared":true,"jetpack_social_options":{"image_generator_settings":{"template":"highway","enabled":false},"version":2}},"categories":[12],"tags":[],"class_list":["post-6238","post","type-post","status-publish","format-standard","has-post-thumbnail","hentry","category-politica"],"jetpack_publicize_connections":[],"_links":{"self":[{"href":"https:\/\/diariorepublica.com.ar\/web\/index.php\/wp-json\/wp\/v2\/posts\/6238"}],"collection":[{"href":"https:\/\/diariorepublica.com.ar\/web\/index.php\/wp-json\/wp\/v2\/posts"}],"about":[{"href":"https:\/\/diariorepublica.com.ar\/web\/index.php\/wp-json\/wp\/v2\/types\/post"}],"author":[{"embeddable":true,"href":"https:\/\/diariorepublica.com.ar\/web\/index.php\/wp-json\/wp\/v2\/users\/2"}],"replies":[{"embeddable":true,"href":"https:\/\/diariorepublica.com.ar\/web\/index.php\/wp-json\/wp\/v2\/comments?post=6238"}],"version-history":[{"count":1,"href":"https:\/\/diariorepublica.com.ar\/web\/index.php\/wp-json\/wp\/v2\/posts\/6238\/revisions"}],"predecessor-version":[{"id":6250,"href":"https:\/\/diariorepublica.com.ar\/web\/index.php\/wp-json\/wp\/v2\/posts\/6238\/revisions\/6250"}],"wp:featuredmedia":[{"embeddable":true,"href":"https:\/\/diariorepublica.com.ar\/web\/index.php\/wp-json\/wp\/v2\/media\/6248"}],"wp:attachment":[{"href":"https:\/\/diariorepublica.com.ar\/web\/index.php\/wp-json\/wp\/v2\/media?parent=6238"}],"wp:term":[{"taxonomy":"category","embeddable":true,"href":"https:\/\/diariorepublica.com.ar\/web\/index.php\/wp-json\/wp\/v2\/categories?post=6238"},{"taxonomy":"post_tag","embeddable":true,"href":"https:\/\/diariorepublica.com.ar\/web\/index.php\/wp-json\/wp\/v2\/tags?post=6238"}],"curies":[{"name":"wp","href":"https:\/\/api.w.org\/{rel}","templated":true}]}}