{"id":6253,"date":"2023-08-11T08:31:03","date_gmt":"2023-08-11T11:31:03","guid":{"rendered":"https:\/\/diariorepublica.com.ar\/web\/?p=6253"},"modified":"2023-08-11T08:31:07","modified_gmt":"2023-08-11T11:31:07","slug":"medicos-del-hospital-san-juan-bautista-salvaron-el-brazo-de-un-hombre","status":"publish","type":"post","link":"https:\/\/diariorepublica.com.ar\/web\/index.php\/sociedad\/2023\/08\/11\/medicos-del-hospital-san-juan-bautista-salvaron-el-brazo-de-un-hombre\/","title":{"rendered":"M\u00e9dicos del Hospital San Juan Bautista salvaron el brazo de un hombre"},"content":{"rendered":"<p>Un paciente ingres\u00f3 al hospital con el riesgo de perder su antebrazo izquierdo tras sufrir un accidente con una amoladora. El r\u00e1pido accionar de un experimentado equipo quir\u00fargico, conformado por especialistas en distintas disciplinas, permiti\u00f3 salvar el miembro afectado. El equipo m\u00e9dico que llev\u00f3 a cabo la exitosa intervenci\u00f3n estaba compuesto por: la Dra. Sol Pardo, cirujana; la Dra. Griselda Bulacios, traumat\u00f3loga; el Dr. Pablo Mar\u00edn, cirujano vascular; y la Dra. Nilda Cecenarro, anestesista. Adem\u00e1s, licenciadas en Instrumentaci\u00f3n Quir\u00fargica, personal de radiolog\u00eda, laboratorio, enfermer\u00eda, im\u00e1genes y camilleros, todos colaboraron de manera coordinada en esta delicada operaci\u00f3n.<\/p>\n<p>Desde el Colegio de M\u00e9dicos de Catamarca se reconoci\u00f3 y felicit\u00f3 la labor de las profesionales involucradas, destacando su dedicaci\u00f3n y excelencia. Aunque el caso resalta la igualdad y el compromiso en la comunidad m\u00e9dica, se subraya que situaciones como esta, en las que se demuestra la colaboraci\u00f3n y destreza en beneficio de los pacientes, siguen siendo valiosas lecciones de trabajo en equipo y entrega a la salud de la comunidad. Estas situaciones excepcionales siguen demostrando la dedicaci\u00f3n y la valent\u00eda que los profesionales m\u00e9dicos ponen en juego d\u00eda a d\u00eda para preservar la salud y el bienestar de la comunidad.<\/p>\n","protected":false},"excerpt":{"rendered":"<p>Un paciente ingres\u00f3 al hospital con el riesgo de perder su antebrazo izquierdo tras sufrir un accidente con una amoladora.<\/p>\n","protected":false},"author":2,"featured_media":6254,"comment_status":"closed","ping_status":"closed","sticky":false,"template":"","format":"standard","meta":{"footnotes":"","jetpack_publicize_message":"","jetpack_publicize_feature_enabled":true,"jetpack_social_post_already_shared":true,"jetpack_social_options":{"image_generator_settings":{"template":"highway","enabled":false},"version":2}},"categories":[3],"tags":[],"class_list":["post-6253","post","type-post","status-publish","format-standard","has-post-thumbnail","hentry","category-sociedad"],"jetpack_publicize_connections":[],"_links":{"self":[{"href":"https:\/\/diariorepublica.com.ar\/web\/index.php\/wp-json\/wp\/v2\/posts\/6253"}],"collection":[{"href":"https:\/\/diariorepublica.com.ar\/web\/index.php\/wp-json\/wp\/v2\/posts"}],"about":[{"href":"https:\/\/diariorepublica.com.ar\/web\/index.php\/wp-json\/wp\/v2\/types\/post"}],"author":[{"embeddable":true,"href":"https:\/\/diariorepublica.com.ar\/web\/index.php\/wp-json\/wp\/v2\/users\/2"}],"replies":[{"embeddable":true,"href":"https:\/\/diariorepublica.com.ar\/web\/index.php\/wp-json\/wp\/v2\/comments?post=6253"}],"version-history":[{"count":1,"href":"https:\/\/diariorepublica.com.ar\/web\/index.php\/wp-json\/wp\/v2\/posts\/6253\/revisions"}],"predecessor-version":[{"id":6255,"href":"https:\/\/diariorepublica.com.ar\/web\/index.php\/wp-json\/wp\/v2\/posts\/6253\/revisions\/6255"}],"wp:featuredmedia":[{"embeddable":true,"href":"https:\/\/diariorepublica.com.ar\/web\/index.php\/wp-json\/wp\/v2\/media\/6254"}],"wp:attachment":[{"href":"https:\/\/diariorepublica.com.ar\/web\/index.php\/wp-json\/wp\/v2\/media?parent=6253"}],"wp:term":[{"taxonomy":"category","embeddable":true,"href":"https:\/\/diariorepublica.com.ar\/web\/index.php\/wp-json\/wp\/v2\/categories?post=6253"},{"taxonomy":"post_tag","embeddable":true,"href":"https:\/\/diariorepublica.com.ar\/web\/index.php\/wp-json\/wp\/v2\/tags?post=6253"}],"curies":[{"name":"wp","href":"https:\/\/api.w.org\/{rel}","templated":true}]}}