{"id":6279,"date":"2023-08-11T17:38:00","date_gmt":"2023-08-11T20:38:00","guid":{"rendered":"https:\/\/diariorepublica.com.ar\/web\/?p=6279"},"modified":"2023-08-11T18:09:47","modified_gmt":"2023-08-11T21:09:47","slug":"copa-sudamericana-estudiantes-y-defensa-y-justicia-ya-conocen-los-dias-y-horarios-de-sus-partidos-de-cuartos-de-final","status":"publish","type":"post","link":"https:\/\/diariorepublica.com.ar\/web\/index.php\/deportes\/2023\/08\/11\/copa-sudamericana-estudiantes-y-defensa-y-justicia-ya-conocen-los-dias-y-horarios-de-sus-partidos-de-cuartos-de-final\/","title":{"rendered":"Copa Sudamericana:\u00a0Estudiantes  y Defensa y Justicia ya conocen los d\u00edas y horarios de sus partidos de cuartos de final"},"content":{"rendered":"<p><strong>Estudiantes de La Plata\u00a0<\/strong>y\u00a0<strong>Defensa y Justicia<\/strong>, \u00fanicos representantes argentinos en pie en la\u00a0Copa Sudamericana, conocieron este viernes los d\u00edas y horarios para sus respectivos partidos correspondientes a los cuartos de final del certamen.<\/p>\n<p>De acuerdo a lo confirmado por la\u00a0Conmebol\u00a0en su p\u00e1gina oficial, los dirigidos por Eduardo Dom\u00ednguez visitar\u00e1n a\u00a0<strong>Corinthians<\/strong>\u00a0(viene de eliminar a Newell&#8217;s) en Brasil, el\u00a0<strong>martes 22 de agosto, a las 21.30<\/strong>, por el partido de ida. La revancha se jugar\u00e1\u00a0<strong>una semana despu\u00e9s<\/strong>\u00a0en La Plata, en el\u00a0<strong>mismo horario.<\/strong><\/p>\n<p>Por su parte, Defensa y Justicia tambi\u00e9n viajar\u00e1 al Brasil, cuando enfrente a\u00a0<strong>Botafogo<\/strong>\u00a0el\u00a0<strong>mi\u00e9rcoles 23,<\/strong>\u00a0a partir de las\u00a0<strong>19.<\/strong>\u00a0El desquite ser\u00e1 el\u00a0<strong>30<\/strong>\u00a0en el estadio N\u00e9stor D\u00edaz P\u00e9rez-Ciudad de Lan\u00fas, a la\u00a0<strong>misma hora.<\/strong><\/p>\n<p><strong>Partidos de ida:<\/strong><\/p>\n<p>Martes 22 de agosto<\/p>\n<ul>\n<li>21.30: Corinthians-Estudiantes<\/li>\n<\/ul>\n<p>Mi\u00e9rcoles 23 de agosto<\/p>\n<ul>\n<li>19: Botafogo-Defensa y Justicia<\/li>\n<\/ul>\n<p>Jueves 24 de agosto<\/p>\n<ul>\n<li>19: Am\u00e9rica MG de Brasil-Fortaleza de Brasil<\/li>\n<li>19: Liga de Quito de Ecuador-San Pablo de Brasil.<\/li>\n<\/ul>\n<p><strong>Partidos de vueta:<\/strong><\/p>\n<p>Martes 29 de agosto<\/p>\n<ul>\n<li>21.30: Estudiantes-Corinthians<\/li>\n<\/ul>\n<p>Mi\u00e9rcoles 30 de agosto<\/p>\n<ul>\n<li>19: Defensa y Justicia-Botafogo<\/li>\n<\/ul>\n<p>Jueves 31 de agosto<\/p>\n<ul>\n<li>19: Fortaleza-Am\u00e9rica MG<\/li>\n<li>19: San Pablo-Liga de Quito.<\/li>\n<\/ul>\n","protected":false},"excerpt":{"rendered":"<p>Estudiantes de La Plata\u00a0y\u00a0Defensa y Justicia, \u00fanicos representantes argentinos en pie en la\u00a0Copa Sudamericana, conocieron este viernes los d\u00edas y<\/p>\n","protected":false},"author":1,"featured_media":6280,"comment_status":"closed","ping_status":"closed","sticky":false,"template":"","format":"standard","meta":{"footnotes":"","jetpack_publicize_message":"","jetpack_publicize_feature_enabled":true,"jetpack_social_post_already_shared":true,"jetpack_social_options":{"image_generator_settings":{"template":"highway","enabled":false},"version":2}},"categories":[9],"tags":[],"class_list":["post-6279","post","type-post","status-publish","format-standard","has-post-thumbnail","hentry","category-deportes"],"jetpack_publicize_connections":[],"_links":{"self":[{"href":"https:\/\/diariorepublica.com.ar\/web\/index.php\/wp-json\/wp\/v2\/posts\/6279"}],"collection":[{"href":"https:\/\/diariorepublica.com.ar\/web\/index.php\/wp-json\/wp\/v2\/posts"}],"about":[{"href":"https:\/\/diariorepublica.com.ar\/web\/index.php\/wp-json\/wp\/v2\/types\/post"}],"author":[{"embeddable":true,"href":"https:\/\/diariorepublica.com.ar\/web\/index.php\/wp-json\/wp\/v2\/users\/1"}],"replies":[{"embeddable":true,"href":"https:\/\/diariorepublica.com.ar\/web\/index.php\/wp-json\/wp\/v2\/comments?post=6279"}],"version-history":[{"count":1,"href":"https:\/\/diariorepublica.com.ar\/web\/index.php\/wp-json\/wp\/v2\/posts\/6279\/revisions"}],"predecessor-version":[{"id":6281,"href":"https:\/\/diariorepublica.com.ar\/web\/index.php\/wp-json\/wp\/v2\/posts\/6279\/revisions\/6281"}],"wp:featuredmedia":[{"embeddable":true,"href":"https:\/\/diariorepublica.com.ar\/web\/index.php\/wp-json\/wp\/v2\/media\/6280"}],"wp:attachment":[{"href":"https:\/\/diariorepublica.com.ar\/web\/index.php\/wp-json\/wp\/v2\/media?parent=6279"}],"wp:term":[{"taxonomy":"category","embeddable":true,"href":"https:\/\/diariorepublica.com.ar\/web\/index.php\/wp-json\/wp\/v2\/categories?post=6279"},{"taxonomy":"post_tag","embeddable":true,"href":"https:\/\/diariorepublica.com.ar\/web\/index.php\/wp-json\/wp\/v2\/tags?post=6279"}],"curies":[{"name":"wp","href":"https:\/\/api.w.org\/{rel}","templated":true}]}}