{"id":6309,"date":"2023-08-13T09:12:00","date_gmt":"2023-08-13T12:12:00","guid":{"rendered":"https:\/\/diariorepublica.com.ar\/web\/?p=6309"},"modified":"2023-08-13T18:14:33","modified_gmt":"2023-08-13T21:14:33","slug":"massa-vamos-a-escuchar-a-la-gente-es-importante-que-vayan-a-votar","status":"publish","type":"post","link":"https:\/\/diariorepublica.com.ar\/web\/index.php\/politica\/2023\/08\/13\/massa-vamos-a-escuchar-a-la-gente-es-importante-que-vayan-a-votar\/","title":{"rendered":"Massa:\u00a0\u00abVamos a escuchar a la gente, es importante que vayan a votar\u00bb"},"content":{"rendered":"<p>Sergio Massa, precandidato presidencial de Uni\u00f3n por la Patria, sostuvo que \u00abes muy importante que la gente vaya a votar\u00bb en las PASO, por entender que los 40 a\u00f1os de democracia \u00abson un\u00a0<strong>motivo para celebrar<\/strong>\u00ab. \u00abTenemos la oportunidad de que cada argentino salga de su casa y pueda ir a votar. A 40 a\u00f1os de democracia, votar es muy importante\u00bb, enfatiz\u00f3 el ministro de Econom\u00eda.<\/p>\n<p>Al emitir su voto en la\u00a0<strong>Escuela 34, de Tigre<\/strong>, el precandidato oficialista insisti\u00f3 que \u00abes muy importante la primaria y es muy importante la concurrencia a votar. En la Argentina, el voto a las mujeres les cost\u00f3 mucho. Y esos 40 a\u00f1os de democracia son un motivo para celebrar\u00bb.<\/p>\n<p>Massa dijo sentirse\u00a0<strong>satisfecho por la campa\u00f1a<\/strong>, y anticip\u00f3 que a las 11:00 se reunir\u00e1 en su casa con el gobernador bonaerense, Axel Kicillof, y el precandidato a jefe de Gobierno porte\u00f1o, Leandro Santoro, \u00abpara ver c\u00f3mo se est\u00e1 dando el comicio\u00bb.<\/p>\n<p>Despu\u00e9s me voy a comer lasagna a lo de mi vieja\u00bb, cont\u00f3 el funcionario, quien a las 20:30 estar\u00e1 presente en el bunker de campa\u00f1a de Uni\u00f3n por la Patria. Adem\u00e1s, estim\u00f3 que las mesas testigo de su espacio pol\u00edtico permitir\u00e1n conocer una tendencia<strong>\u00a0a eso de las 21:30<\/strong>, aunque aclar\u00f3 que la competencia que habr\u00e1 en muchos distritos \u00abva a ser que el recuento sea un poco m\u00e1s lento\u00bb.<\/p>\n<p>Por \u00faltimo, record\u00f3 que con el equipo econ\u00f3mico \u00abestuvimos trabajando ayer para que los mercados no influyan en la vida cotidiana de la gente\u00bb tras las primarias de este domingo.<\/p>\n","protected":false},"excerpt":{"rendered":"<p>Sergio Massa, precandidato presidencial de Uni\u00f3n por la Patria, sostuvo que \u00abes muy importante que la gente vaya a votar\u00bb<\/p>\n","protected":false},"author":1,"featured_media":6310,"comment_status":"closed","ping_status":"closed","sticky":false,"template":"","format":"standard","meta":{"footnotes":"","jetpack_publicize_message":"","jetpack_publicize_feature_enabled":true,"jetpack_social_post_already_shared":true,"jetpack_social_options":{"image_generator_settings":{"template":"highway","enabled":false},"version":2}},"categories":[12],"tags":[],"class_list":["post-6309","post","type-post","status-publish","format-standard","has-post-thumbnail","hentry","category-politica"],"jetpack_publicize_connections":[],"_links":{"self":[{"href":"https:\/\/diariorepublica.com.ar\/web\/index.php\/wp-json\/wp\/v2\/posts\/6309"}],"collection":[{"href":"https:\/\/diariorepublica.com.ar\/web\/index.php\/wp-json\/wp\/v2\/posts"}],"about":[{"href":"https:\/\/diariorepublica.com.ar\/web\/index.php\/wp-json\/wp\/v2\/types\/post"}],"author":[{"embeddable":true,"href":"https:\/\/diariorepublica.com.ar\/web\/index.php\/wp-json\/wp\/v2\/users\/1"}],"replies":[{"embeddable":true,"href":"https:\/\/diariorepublica.com.ar\/web\/index.php\/wp-json\/wp\/v2\/comments?post=6309"}],"version-history":[{"count":1,"href":"https:\/\/diariorepublica.com.ar\/web\/index.php\/wp-json\/wp\/v2\/posts\/6309\/revisions"}],"predecessor-version":[{"id":6311,"href":"https:\/\/diariorepublica.com.ar\/web\/index.php\/wp-json\/wp\/v2\/posts\/6309\/revisions\/6311"}],"wp:featuredmedia":[{"embeddable":true,"href":"https:\/\/diariorepublica.com.ar\/web\/index.php\/wp-json\/wp\/v2\/media\/6310"}],"wp:attachment":[{"href":"https:\/\/diariorepublica.com.ar\/web\/index.php\/wp-json\/wp\/v2\/media?parent=6309"}],"wp:term":[{"taxonomy":"category","embeddable":true,"href":"https:\/\/diariorepublica.com.ar\/web\/index.php\/wp-json\/wp\/v2\/categories?post=6309"},{"taxonomy":"post_tag","embeddable":true,"href":"https:\/\/diariorepublica.com.ar\/web\/index.php\/wp-json\/wp\/v2\/tags?post=6309"}],"curies":[{"name":"wp","href":"https:\/\/api.w.org\/{rel}","templated":true}]}}