{"id":6324,"date":"2023-08-13T19:43:06","date_gmt":"2023-08-13T22:43:06","guid":{"rendered":"https:\/\/diariorepublica.com.ar\/web\/?p=6324"},"modified":"2023-08-13T19:43:08","modified_gmt":"2023-08-13T22:43:08","slug":"alerta-por-amenaza-de-bomba-en-la-casa-rosada","status":"publish","type":"post","link":"https:\/\/diariorepublica.com.ar\/web\/index.php\/nacionales\/2023\/08\/13\/alerta-por-amenaza-de-bomba-en-la-casa-rosada\/","title":{"rendered":"Alerta por amenaza de bomba en la Casa Rosada"},"content":{"rendered":"<article id=\"article-post\" class=\"first\">\n<div class=\"cuerpo\" data-twitter-link=\"https:\/\/twitter.com\/intent\/tweet?url=https:\/\/www.diariopopular.com.ar\/c734762&amp;via=poopulardiario&amp;related=Popular&amp;text=\">\n<p>Personal del \u00e1rea de Explosivos de la Polic\u00eda Federal activ\u00f3 el protocolo de seguridad en la Casa Rosada ante una amenaza de bomba mediante un llamado telef\u00f3nico al 911.<\/p>\n<\/div>\n<\/article>\n<article id=\"article-post\">\n<div class=\"cuerpo\" data-twitter-link=\"https:\/\/twitter.com\/intent\/tweet?url=https:\/\/www.diariopopular.com.ar\/c734762&amp;via=poopulardiario&amp;related=Popular&amp;text=\">\n<p>As\u00ed lo indicaron fuentes de la Casa Militar, quienes detallaron que la amenaza lleg\u00f3 v\u00eda telef\u00f3nica a la Polic\u00eda de la Ciudad.<\/p>\n<\/div>\n<\/article>\n","protected":false},"excerpt":{"rendered":"<p>Personal del \u00e1rea de Explosivos de la Polic\u00eda Federal activ\u00f3 el protocolo de seguridad en la Casa Rosada ante una<\/p>\n","protected":false},"author":1,"featured_media":6325,"comment_status":"closed","ping_status":"closed","sticky":false,"template":"","format":"standard","meta":{"footnotes":"","jetpack_publicize_message":"","jetpack_publicize_feature_enabled":true,"jetpack_social_post_already_shared":true,"jetpack_social_options":{"image_generator_settings":{"template":"highway","enabled":false},"version":2}},"categories":[4],"tags":[],"class_list":["post-6324","post","type-post","status-publish","format-standard","has-post-thumbnail","hentry","category-nacionales"],"jetpack_publicize_connections":[],"_links":{"self":[{"href":"https:\/\/diariorepublica.com.ar\/web\/index.php\/wp-json\/wp\/v2\/posts\/6324"}],"collection":[{"href":"https:\/\/diariorepublica.com.ar\/web\/index.php\/wp-json\/wp\/v2\/posts"}],"about":[{"href":"https:\/\/diariorepublica.com.ar\/web\/index.php\/wp-json\/wp\/v2\/types\/post"}],"author":[{"embeddable":true,"href":"https:\/\/diariorepublica.com.ar\/web\/index.php\/wp-json\/wp\/v2\/users\/1"}],"replies":[{"embeddable":true,"href":"https:\/\/diariorepublica.com.ar\/web\/index.php\/wp-json\/wp\/v2\/comments?post=6324"}],"version-history":[{"count":1,"href":"https:\/\/diariorepublica.com.ar\/web\/index.php\/wp-json\/wp\/v2\/posts\/6324\/revisions"}],"predecessor-version":[{"id":6326,"href":"https:\/\/diariorepublica.com.ar\/web\/index.php\/wp-json\/wp\/v2\/posts\/6324\/revisions\/6326"}],"wp:featuredmedia":[{"embeddable":true,"href":"https:\/\/diariorepublica.com.ar\/web\/index.php\/wp-json\/wp\/v2\/media\/6325"}],"wp:attachment":[{"href":"https:\/\/diariorepublica.com.ar\/web\/index.php\/wp-json\/wp\/v2\/media?parent=6324"}],"wp:term":[{"taxonomy":"category","embeddable":true,"href":"https:\/\/diariorepublica.com.ar\/web\/index.php\/wp-json\/wp\/v2\/categories?post=6324"},{"taxonomy":"post_tag","embeddable":true,"href":"https:\/\/diariorepublica.com.ar\/web\/index.php\/wp-json\/wp\/v2\/tags?post=6324"}],"curies":[{"name":"wp","href":"https:\/\/api.w.org\/{rel}","templated":true}]}}