{"id":6327,"date":"2023-08-13T19:30:00","date_gmt":"2023-08-13T22:30:00","guid":{"rendered":"https:\/\/diariorepublica.com.ar\/web\/?p=6327"},"modified":"2023-08-13T19:45:42","modified_gmt":"2023-08-13T22:45:42","slug":"voto-el-685-del-padron","status":"publish","type":"post","link":"https:\/\/diariorepublica.com.ar\/web\/index.php\/politica\/2023\/08\/13\/voto-el-685-del-padron\/","title":{"rendered":"Vot\u00f3 el 68,5% del padr\u00f3n"},"content":{"rendered":"<article id=\"article-post\" class=\"first\">\n<div class=\"cuerpo\" data-twitter-link=\"https:\/\/twitter.com\/intent\/tweet?url=https:\/\/www.diariopopular.com.ar\/c734715&amp;via=poopulardiario&amp;related=Popular&amp;text=\">\n<p>M\u00e1s de 35 millones de argentinos pudieron optar este domingo<strong>\u00a0entre 27 f\u00f3rmulas presidenciales<\/strong>\u00a0y 4.168 aspirantes a diputados y senadores nacionales y validar las n\u00f3minas que cumplan con el piso de votos necesario para\u00a0<strong>competir en los comicios generales del pr\u00f3ximo 22 de octubre<\/strong>. Ocurrir\u00e1 en el marco de las primarias abiertas, simult\u00e1neas y obligatorias\u00a0<strong>(PASO)<\/strong>, la primera prueba electoral nacional del a\u00f1o que se lleva adelante con algunas demoras y presenta\u00a0algunas demoras para votar en las m\u00e1quinas electr\u00f3nicas de la ciudad de Buenos Aires.<\/p>\n<\/div>\n<\/article>\n<article id=\"article-post\">\n<div class=\"cuerpo\" data-twitter-link=\"https:\/\/twitter.com\/intent\/tweet?url=https:\/\/www.diariopopular.com.ar\/c734715&amp;via=poopulardiario&amp;related=Popular&amp;text=\">\n<p><strong>Pr\u00e1cticamente con los comicios cerrados, apenas quedan pocas mesas de Capital, la C\u00e1mara Nacional Electoral asegur\u00f3 que vot\u00f3 el 68,5% del padr\u00f3n electoral<\/strong>\u00a0<strong>nacional.<\/strong><\/p>\n<p><strong>Hoy quedar\u00e1n definidos los nombres de los candidatos<\/strong>\u00a0que competir\u00e1n en octubre por el Poder Ejecutivo nacional y por las 24 bancas de senadores y las 130 de diputados que se renuevan este a\u00f1o en el Congreso nacional.<\/p>\n<p>A diferencia de lo que ocurri\u00f3 en las primarias de 2019, cuando no hubo m\u00e1s de un precandidato al Ejecutivo por coalici\u00f3n,\u00a0<strong>esta vez las principales alianzas electorales<\/strong>, Uni\u00f3n por la Patria (UxP), Juntos por el Cambio (JxC) y el Frente de Izquierda y los Trabajadores-Unidad (FIT-U)\u00a0<strong>dirimir\u00e1n su f\u00f3rmula presidencial<\/strong>.<\/p>\n<p>En el a\u00f1o en que se cumplen cuatro d\u00e9cadas desde la recuperaci\u00f3n democr\u00e1tica, UxP buscar\u00e1 renovar su mandato al frente del gobierno y avanzar as\u00ed en una estabilizaci\u00f3n definitiva de la econom\u00eda del pa\u00eds, que hasta ahora estuvo condicionada por la multimillonaria deuda contra\u00edda con el FMI por la anterior gesti\u00f3n de Cambiemos (hoy JxC), el impacto de la pandemia de coronavirus, la sequ\u00eda y la guerra en Ucrania.\u00a0<strong>Su competencia interna ser\u00e1 entre el ministro de Econom\u00eda, Sergio Massa, y el dirigente social Juan Grabois<\/strong>.<\/p>\n<p>Por su parte, JxC aspira, en primer t\u00e9rmino, a definir<strong>\u00a0qui\u00e9n liderar\u00e1 internamente la coalici\u00f3n<\/strong>\u00a0y, en segundo, recuperar el poder pol\u00edtico y llevar adelante un modelo de pa\u00eds que recupere las pol\u00edticas implementadas entre 2015 y 2019. En este caso, la disputa ser\u00e1 entre el jefe de Gobierno porte\u00f1o,\u00a0<strong>Horacio Rodr\u00edguez Larreta<\/strong>, y la ex ministra de Seguridad de la gesti\u00f3n macrista,\u00a0<strong>Patricia Bullrich<\/strong>.<\/p>\n<p>A su vez, el precandidato de La Libertad Avanza,\u00a0<strong>Javier Milei<\/strong>\u00a0buscar\u00e1 superar los 20 puntos a nivel nacional y\u00a0<strong>posicionarse como la tercera fuerza pol\u00edtica de camino a las elecciones generales<\/strong>, tras una carrera hacia las PASO marcada por acusaciones cruzadas y pobres resultados electorales en las provincias que tuvieron este a\u00f1o comicios para gobernador.<\/p>\n<div id=\"embed4269_wrap\" class=\"embed_cont type_freetext\" contenteditable=\"false\" data-provider=\"twitter\">\n<div id=\"embed4269_content\" class=\"embed_content\">\n<div id=\"embed4269_embed\">\n<div class=\"twitter-tweet twitter-tweet-rendered\"><iframe id=\"twitter-widget-0\" class=\"\" title=\"Twitter Tweet\" src=\"https:\/\/platform.twitter.com\/embed\/Tweet.html?creatorScreenName=diariopopular&amp;dnt=false&amp;embedId=twitter-widget-0&amp;features=eyJ0ZndfdGltZWxpbmVfbGlzdCI6eyJidWNrZXQiOltdLCJ2ZXJzaW9uIjpudWxsfSwidGZ3X2ZvbGxvd2VyX2NvdW50X3N1bnNldCI6eyJidWNrZXQiOnRydWUsInZlcnNpb24iOm51bGx9LCJ0ZndfdHdlZXRfZWRpdF9iYWNrZW5kIjp7ImJ1Y2tldCI6Im9uIiwidmVyc2lvbiI6bnVsbH0sInRmd19yZWZzcmNfc2Vzc2lvbiI6eyJidWNrZXQiOiJvbiIsInZlcnNpb24iOm51bGx9LCJ0ZndfZm9zbnJfc29mdF9pbnRlcnZlbnRpb25zX2VuYWJsZWQiOnsiYnVja2V0Ijoib24iLCJ2ZXJzaW9uIjpudWxsfSwidGZ3X21peGVkX21lZGlhXzE1ODk3Ijp7ImJ1Y2tldCI6InRyZWF0bWVudCIsInZlcnNpb24iOm51bGx9LCJ0ZndfZXhwZXJpbWVudHNfY29va2llX2V4cGlyYXRpb24iOnsiYnVja2V0IjoxMjA5NjAwLCJ2ZXJzaW9uIjpudWxsfSwidGZ3X3Nob3dfYmlyZHdhdGNoX3Bpdm90c19lbmFibGVkIjp7ImJ1Y2tldCI6Im9uIiwidmVyc2lvbiI6bnVsbH0sInRmd19kdXBsaWNhdGVfc2NyaWJlc190b19zZXR0aW5ncyI6eyJidWNrZXQiOiJvbiIsInZlcnNpb24iOm51bGx9LCJ0ZndfdXNlX3Byb2ZpbGVfaW1hZ2Vfc2hhcGVfZW5hYmxlZCI6eyJidWNrZXQiOiJvbiIsInZlcnNpb24iOm51bGx9LCJ0ZndfdmlkZW9faGxzX2R5bmFtaWNfbWFuaWZlc3RzXzE1MDgyIjp7ImJ1Y2tldCI6InRydWVfYml0cmF0ZSIsInZlcnNpb24iOm51bGx9LCJ0ZndfbGVnYWN5X3RpbWVsaW5lX3N1bnNldCI6eyJidWNrZXQiOnRydWUsInZlcnNpb24iOm51bGx9LCJ0ZndfdHdlZXRfZWRpdF9mcm9udGVuZCI6eyJidWNrZXQiOiJvbiIsInZlcnNpb24iOm51bGx9fQ%3D%3D&amp;frame=false&amp;hideCard=false&amp;hideThread=false&amp;id=1690368541453586433&amp;lang=en&amp;origin=https%3A%2F%2Fwww.diariopopular.com.ar%2Fpolitica%2Fpaso-voto-el-685-del-padron-n734715&amp;sessionId=734bd467196d9ca3a6854898a95e54a8726c2dee&amp;siteScreenName=diariopopular&amp;theme=light&amp;widgetsVersion=aaf4084522e3a%3A1674595607486&amp;width=550px\" frameborder=\"0\" scrolling=\"no\" allowfullscreen=\"allowfullscreen\" data-gtm-yt-inspected-11=\"true\" data-tweet-id=\"1690368541453586433\" data-mce-fragment=\"1\"><\/iframe><\/div>\n<\/div>\n<\/div>\n<\/div>\n<\/div>\n<\/article>\n","protected":false},"excerpt":{"rendered":"<p>M\u00e1s de 35 millones de argentinos pudieron optar este domingo\u00a0entre 27 f\u00f3rmulas presidenciales\u00a0y 4.168 aspirantes a diputados y senadores nacionales<\/p>\n","protected":false},"author":1,"featured_media":6328,"comment_status":"closed","ping_status":"closed","sticky":false,"template":"","format":"standard","meta":{"footnotes":"","jetpack_publicize_message":"","jetpack_publicize_feature_enabled":true,"jetpack_social_post_already_shared":true,"jetpack_social_options":{"image_generator_settings":{"template":"highway","enabled":false},"version":2}},"categories":[12],"tags":[],"class_list":["post-6327","post","type-post","status-publish","format-standard","has-post-thumbnail","hentry","category-politica"],"jetpack_publicize_connections":[],"_links":{"self":[{"href":"https:\/\/diariorepublica.com.ar\/web\/index.php\/wp-json\/wp\/v2\/posts\/6327"}],"collection":[{"href":"https:\/\/diariorepublica.com.ar\/web\/index.php\/wp-json\/wp\/v2\/posts"}],"about":[{"href":"https:\/\/diariorepublica.com.ar\/web\/index.php\/wp-json\/wp\/v2\/types\/post"}],"author":[{"embeddable":true,"href":"https:\/\/diariorepublica.com.ar\/web\/index.php\/wp-json\/wp\/v2\/users\/1"}],"replies":[{"embeddable":true,"href":"https:\/\/diariorepublica.com.ar\/web\/index.php\/wp-json\/wp\/v2\/comments?post=6327"}],"version-history":[{"count":1,"href":"https:\/\/diariorepublica.com.ar\/web\/index.php\/wp-json\/wp\/v2\/posts\/6327\/revisions"}],"predecessor-version":[{"id":6329,"href":"https:\/\/diariorepublica.com.ar\/web\/index.php\/wp-json\/wp\/v2\/posts\/6327\/revisions\/6329"}],"wp:featuredmedia":[{"embeddable":true,"href":"https:\/\/diariorepublica.com.ar\/web\/index.php\/wp-json\/wp\/v2\/media\/6328"}],"wp:attachment":[{"href":"https:\/\/diariorepublica.com.ar\/web\/index.php\/wp-json\/wp\/v2\/media?parent=6327"}],"wp:term":[{"taxonomy":"category","embeddable":true,"href":"https:\/\/diariorepublica.com.ar\/web\/index.php\/wp-json\/wp\/v2\/categories?post=6327"},{"taxonomy":"post_tag","embeddable":true,"href":"https:\/\/diariorepublica.com.ar\/web\/index.php\/wp-json\/wp\/v2\/tags?post=6327"}],"curies":[{"name":"wp","href":"https:\/\/api.w.org\/{rel}","templated":true}]}}