{"id":6330,"date":"2023-08-13T20:51:35","date_gmt":"2023-08-13T23:51:35","guid":{"rendered":"https:\/\/diariorepublica.com.ar\/web\/?p=6330"},"modified":"2023-08-13T20:51:40","modified_gmt":"2023-08-13T23:51:40","slug":"paso-2023-se-registro-la-segunda-participacion-mas-baja-desde-que-existen-las-primarias","status":"publish","type":"post","link":"https:\/\/diariorepublica.com.ar\/web\/index.php\/politica\/2023\/08\/13\/paso-2023-se-registro-la-segunda-participacion-mas-baja-desde-que-existen-las-primarias\/","title":{"rendered":"PASO 2023: se registr\u00f3 la segunda participaci\u00f3n m\u00e1s baja desde que existen las Primarias"},"content":{"rendered":"<p>La participaci\u00f3n en la las elecciones\u00a0<strong>Primarias, Abiertas, Simult\u00e1neas y Obligatorias<\/strong>\u00a0fue la segunda m\u00e1s baja que se registra desde que se implement\u00f3 este sistema electoral en 2011:\u00a0<strong>vot\u00f3 apenas el 68,5% del padr\u00f3n<\/strong>, lo que significa un\u00a0<strong>leve incremento con respecto a las PASO de 2021<\/strong>\u00a0en las que hab\u00eda sufragado el 67,78% de los votantes habilitados.<\/p>\n<p>Estas cifras igualmente deben compararse seg\u00fan el contexto en el que se produjeron los respectivos actos eleccionarios: en 2021 solamente se eleg\u00edan cargos legislativos y no presidenciales y todav\u00eda exist\u00eda la pandemia generada por el COVID-19, lo que impactaba directamente en la cantidad de personas que se acercaban a votar por el cuidado de las cuestiones sanitarias, mientras que en este 2023 ese problema no existi\u00f3, lo que demuestra un menor inter\u00e9s de los argentinos a la hora de concurrir a los comicios.<\/p>\n<p>Si se retrocede un poco en el tiempo y se miran las\u00a0<strong>PASO de 2019<\/strong>, en las que tambi\u00e9n se eleg\u00edan cargos presidenciales -antes de que existiera la pandemia-\u00a0<strong>la ca\u00edda de las cifras es impactante<\/strong>\u00a0porque en ese acto eleccionario vot\u00f3 el\u00a0<strong>76,40% del padr\u00f3n<\/strong>, una cifra que se mantuvo en consonancia a lo largo de la d\u00e9cada desde que se crearon y se celebraron las\u00a0<strong>primeras PASO en 2011<\/strong>.<\/p>\n<p>Con respecto a las PASO 2023,\u00a0<strong>la empresa que realiza el recuento de votos es Indra<\/strong>, de origen espa\u00f1ol, que se encarga del\u00a0<strong>escrutinio provisorio<\/strong>\u00a0que tiene \u00fanicamente fines informativos para la poblaci\u00f3n, debido a que el escrutinio v\u00e1lido y final es el que realiza la\u00a0<strong>Justicia Electoral<\/strong>.<\/p>\n<p><strong>Porcentaje de partici\u00f3n hist\u00f3rico en las PASO<\/strong><\/p>\n<p>2023: 68,5%<\/p>\n<p>2021: 67,78%<\/p>\n<p>2019: 76,40%<\/p>\n<p>2017: 74,96%<\/p>\n<p>2015: 74,91%<\/p>\n<p>2013: 77,39%<\/p>\n<p>2011: 78,67%<\/p>\n<p>Fuente: NA.<\/p>\n","protected":false},"excerpt":{"rendered":"<p>La participaci\u00f3n en la las elecciones\u00a0Primarias, Abiertas, Simult\u00e1neas y Obligatorias\u00a0fue la segunda m\u00e1s baja que se registra desde que se<\/p>\n","protected":false},"author":1,"featured_media":6331,"comment_status":"closed","ping_status":"closed","sticky":false,"template":"","format":"standard","meta":{"footnotes":"","jetpack_publicize_message":"","jetpack_publicize_feature_enabled":true,"jetpack_social_post_already_shared":true,"jetpack_social_options":{"image_generator_settings":{"template":"highway","enabled":false},"version":2}},"categories":[12],"tags":[],"class_list":["post-6330","post","type-post","status-publish","format-standard","has-post-thumbnail","hentry","category-politica"],"jetpack_publicize_connections":[],"_links":{"self":[{"href":"https:\/\/diariorepublica.com.ar\/web\/index.php\/wp-json\/wp\/v2\/posts\/6330"}],"collection":[{"href":"https:\/\/diariorepublica.com.ar\/web\/index.php\/wp-json\/wp\/v2\/posts"}],"about":[{"href":"https:\/\/diariorepublica.com.ar\/web\/index.php\/wp-json\/wp\/v2\/types\/post"}],"author":[{"embeddable":true,"href":"https:\/\/diariorepublica.com.ar\/web\/index.php\/wp-json\/wp\/v2\/users\/1"}],"replies":[{"embeddable":true,"href":"https:\/\/diariorepublica.com.ar\/web\/index.php\/wp-json\/wp\/v2\/comments?post=6330"}],"version-history":[{"count":1,"href":"https:\/\/diariorepublica.com.ar\/web\/index.php\/wp-json\/wp\/v2\/posts\/6330\/revisions"}],"predecessor-version":[{"id":6332,"href":"https:\/\/diariorepublica.com.ar\/web\/index.php\/wp-json\/wp\/v2\/posts\/6330\/revisions\/6332"}],"wp:featuredmedia":[{"embeddable":true,"href":"https:\/\/diariorepublica.com.ar\/web\/index.php\/wp-json\/wp\/v2\/media\/6331"}],"wp:attachment":[{"href":"https:\/\/diariorepublica.com.ar\/web\/index.php\/wp-json\/wp\/v2\/media?parent=6330"}],"wp:term":[{"taxonomy":"category","embeddable":true,"href":"https:\/\/diariorepublica.com.ar\/web\/index.php\/wp-json\/wp\/v2\/categories?post=6330"},{"taxonomy":"post_tag","embeddable":true,"href":"https:\/\/diariorepublica.com.ar\/web\/index.php\/wp-json\/wp\/v2\/tags?post=6330"}],"curies":[{"name":"wp","href":"https:\/\/api.w.org\/{rel}","templated":true}]}}