{"id":6336,"date":"2023-08-13T21:26:58","date_gmt":"2023-08-14T00:26:58","guid":{"rendered":"https:\/\/diariorepublica.com.ar\/web\/?p=6336"},"modified":"2023-08-13T21:27:02","modified_gmt":"2023-08-14T00:27:02","slug":"en-el-bunker-de-javier-milei-dicen-que-dieron-el-batacazo-y-que-les-fue-bien-en-todas-las-provincias","status":"publish","type":"post","link":"https:\/\/diariorepublica.com.ar\/web\/index.php\/politica\/2023\/08\/13\/en-el-bunker-de-javier-milei-dicen-que-dieron-el-batacazo-y-que-les-fue-bien-en-todas-las-provincias\/","title":{"rendered":"En el bunker de Javier Milei dicen que \u00abdieron el batacazo\u00bb y que les fue bien en todas las provincias"},"content":{"rendered":"<p><strong>\u00abEl piso es 25%, pero llegando al 30%\u00bb.\u00a0<\/strong>Es el n\u00famero que manejan en el bunker de Javier Milei. Creen que con ese n\u00famero se convertir\u00e1 en el candidato m\u00e1s votado y que tiene buena chance de mejorar en las generales y llegar al balotaje.<\/p>\n<article class=\"article-body\">\n<div class=\"article-content\">\n<div class=\"news-body-paragraph\" data-twitter-link=\"\">\n<p>Seg\u00fan\u00a0los primeros n\u00fameros\u00a0que recibieron en el entorno de Milei, el libertario arraso en varias provincias:\u00a0<strong>C\u00f3rdoba, Mendoza, Santa Fe, Misiones, Chubut&#8230;\u00a0<\/strong>todav\u00eda esperan los resultados de la Provincia de Buenos Aires y de la Ciudad.<\/p>\n<\/div>\n<\/div>\n<\/article>\n<article class=\"article-body third-p\">\n<div class=\"article-content\">\n<div class=\"news-body-paragraph\" data-twitter-link=\"\">\n<p><strong>Berti Benegas Lynch, precandidato a diputado por Provincia del espacio asegur\u00f3: \u00abEstamos recibiendo muy buenas noticias, la batalla cultural tuvo efecto\u00bb.<\/strong><\/p>\n<p>\u00abEs una cosa muy parcial y de distintas provincias, es algo que nos llena de esperanza para cambiar la Argentina\u00bb, insisti\u00f3 sobre los resultados que vienen recibiendo\u00bb, plante\u00f3.<\/p>\n<p>Los resultados de algunas mesas a los que tuvo acceso\u00a0<strong>A24.com\u00a0<\/strong>lo confirman una amplia victoria en Posadas, Puerto Piramides, distintas mesas de Santa Fe y C\u00f3rdoba.<\/p>\n<p>Fuentes gubernamentales a cargo del proceso electoral confirmaron a\u00a0<strong>A24.com\u00a0<\/strong>que con los primeros c\u00f3mputos hay una tendencia firme de que Milei quede primero.<\/p>\n<\/div>\n<\/div>\n<\/article>\n","protected":false},"excerpt":{"rendered":"<p>\u00abEl piso es 25%, pero llegando al 30%\u00bb.\u00a0Es el n\u00famero que manejan en el bunker de Javier Milei. Creen que<\/p>\n","protected":false},"author":1,"featured_media":6337,"comment_status":"closed","ping_status":"closed","sticky":false,"template":"","format":"standard","meta":{"footnotes":"","jetpack_publicize_message":"","jetpack_publicize_feature_enabled":true,"jetpack_social_post_already_shared":true,"jetpack_social_options":{"image_generator_settings":{"template":"highway","enabled":false},"version":2}},"categories":[12],"tags":[],"class_list":["post-6336","post","type-post","status-publish","format-standard","has-post-thumbnail","hentry","category-politica"],"jetpack_publicize_connections":[],"_links":{"self":[{"href":"https:\/\/diariorepublica.com.ar\/web\/index.php\/wp-json\/wp\/v2\/posts\/6336"}],"collection":[{"href":"https:\/\/diariorepublica.com.ar\/web\/index.php\/wp-json\/wp\/v2\/posts"}],"about":[{"href":"https:\/\/diariorepublica.com.ar\/web\/index.php\/wp-json\/wp\/v2\/types\/post"}],"author":[{"embeddable":true,"href":"https:\/\/diariorepublica.com.ar\/web\/index.php\/wp-json\/wp\/v2\/users\/1"}],"replies":[{"embeddable":true,"href":"https:\/\/diariorepublica.com.ar\/web\/index.php\/wp-json\/wp\/v2\/comments?post=6336"}],"version-history":[{"count":1,"href":"https:\/\/diariorepublica.com.ar\/web\/index.php\/wp-json\/wp\/v2\/posts\/6336\/revisions"}],"predecessor-version":[{"id":6338,"href":"https:\/\/diariorepublica.com.ar\/web\/index.php\/wp-json\/wp\/v2\/posts\/6336\/revisions\/6338"}],"wp:featuredmedia":[{"embeddable":true,"href":"https:\/\/diariorepublica.com.ar\/web\/index.php\/wp-json\/wp\/v2\/media\/6337"}],"wp:attachment":[{"href":"https:\/\/diariorepublica.com.ar\/web\/index.php\/wp-json\/wp\/v2\/media?parent=6336"}],"wp:term":[{"taxonomy":"category","embeddable":true,"href":"https:\/\/diariorepublica.com.ar\/web\/index.php\/wp-json\/wp\/v2\/categories?post=6336"},{"taxonomy":"post_tag","embeddable":true,"href":"https:\/\/diariorepublica.com.ar\/web\/index.php\/wp-json\/wp\/v2\/tags?post=6336"}],"curies":[{"name":"wp","href":"https:\/\/api.w.org\/{rel}","templated":true}]}}