{"id":6339,"date":"2023-08-14T07:30:02","date_gmt":"2023-08-14T10:30:02","guid":{"rendered":"https:\/\/diariorepublica.com.ar\/web\/?p=6339"},"modified":"2023-08-14T07:30:04","modified_gmt":"2023-08-14T10:30:04","slug":"bullrich-agradecio-a-quienes-votaron-el-cambio-verdadero-y-felicito-a-milei-por-su-eleccion","status":"publish","type":"post","link":"https:\/\/diariorepublica.com.ar\/web\/index.php\/nacionales\/2023\/08\/14\/bullrich-agradecio-a-quienes-votaron-el-cambio-verdadero-y-felicito-a-milei-por-su-eleccion\/","title":{"rendered":"Bullrich agradeci\u00f3 a quienes votaron \u00abel cambio verdadero\u00bb y felicit\u00f3 a Milei por su elecci\u00f3n"},"content":{"rendered":"<article id=\"article-post\" class=\"first\">\n<div class=\"cuerpo\" data-twitter-link=\"https:\/\/twitter.com\/intent\/tweet?url=https:\/\/www.diariopopular.com.ar\/c734836&amp;via=poopulardiario&amp;related=Popular&amp;text=\">\n<p>Adem\u00e1s de festejar su triunfo en la interna de JxC,\u00a0<strong>Patricia Bullrich<\/strong>\u00a0destac\u00f3 que la coalici\u00f3n hizo una gran elecci\u00f3n en todo el pa\u00eds y felicit\u00f3 al precandidato de La Libertad Avanza (LLA), Javier Milei, por su enorme elecci\u00f3n y porque hizo un aporte al debate durante la campa\u00f1a.<\/p>\n<\/div>\n<\/article>\n<article id=\"article-post\">\n<div class=\"cuerpo\" data-twitter-link=\"https:\/\/twitter.com\/intent\/tweet?url=https:\/\/www.diariopopular.com.ar\/c734836&amp;via=poopulardiario&amp;related=Popular&amp;text=\">\n<p>\u00abQuiero primero agradecer de todo coraz\u00f3n a todos los que nos apoyaron con su voto en este camino. Los que apoyaron esta propuesta de cambio verdadero con coraje, dijo Bullrich al salir al escenario en el b\u00fanker que la coalici\u00f3n instal\u00f3 en Parque Norte de esta capital.<\/p>\n<p>La candidata presidencial afirm\u00f3 que JxC dio un paso importante para generar un cambio que abre una esperanza y que la sociedad demanda un cambio de ra\u00edz.<\/p>\n<p>\u00abUn cambio que deje para atr\u00e1s la corrupci\u00f3n y que abra paso a la austeridad. Que deje atr\u00e1s el despilfarro y que cuide cada uno de los bienes y los trabajos de los argentinos, remarc\u00f3.<\/p>\n<p>Tambi\u00e9n dijo que la coalici\u00f3n hizo una gran elecci\u00f3n en toda la Argentina, agradeci\u00f3 a sus adversarios en la interna, Horacio Rodr\u00edguez Larreta y Gerardo Morales, e indic\u00f3 que habr\u00e1 brazos abiertos para todos rumbo a las elecciones presidenciales de octubre.<\/p>\n<p>\u00abQuiero agradecer de coraz\u00f3n a Larreta y Morales por su trabajo en esta elecci\u00f3n. Juntos hemos hecho crecer a JxC. Nos vamos a convocar todos juntos para ganar las elecciones generales y ser el gobierno que le cambie la vida a los argentinos. explic\u00f3, y dijo que ser\u00e1 el equipo que va a dar vuelta la decadencia y convertirla en progreso.<\/p>\n<p>En cuanto a los resultados de los comicios presidenciales, que con el 80,26% de las mesas escrutadas lidera el precandidato de La Libertad Avanza (LLA), Javier Milei, con el 31% de los votos, Bullrich dijo que hizo una elecci\u00f3n enorme.<\/p>\n<p>\u00abQuiero felicitar a Javier Milei por la elecci\u00f3n enorme que hizo, porque hizo un aporte al debate, precis\u00f3.<\/p>\n<p>La exministra de Seguridad sali\u00f3 al escenario cerca de las 23.30 junto a su compa\u00f1ero de f\u00f3rmula, el exdiputado Luis Petri, para luego invitar a dar un breve discurso a su adversario Larreta.<\/p>\n<p>Con el 80,26% de los votos escrutado, la l\u00edder de los halcones del PRO se impon\u00eda con el 16,97% de los votos en la interna sobre el 11,03% del alcalde porte\u00f1o.<\/p>\n<\/div>\n<\/article>\n","protected":false},"excerpt":{"rendered":"<p>Adem\u00e1s de festejar su triunfo en la interna de JxC,\u00a0Patricia Bullrich\u00a0destac\u00f3 que la coalici\u00f3n hizo una gran elecci\u00f3n en todo<\/p>\n","protected":false},"author":1,"featured_media":6340,"comment_status":"closed","ping_status":"closed","sticky":false,"template":"","format":"standard","meta":{"footnotes":"","jetpack_publicize_message":"","jetpack_publicize_feature_enabled":true,"jetpack_social_post_already_shared":true,"jetpack_social_options":{"image_generator_settings":{"template":"highway","enabled":false},"version":2}},"categories":[4],"tags":[],"class_list":["post-6339","post","type-post","status-publish","format-standard","has-post-thumbnail","hentry","category-nacionales"],"jetpack_publicize_connections":[],"_links":{"self":[{"href":"https:\/\/diariorepublica.com.ar\/web\/index.php\/wp-json\/wp\/v2\/posts\/6339"}],"collection":[{"href":"https:\/\/diariorepublica.com.ar\/web\/index.php\/wp-json\/wp\/v2\/posts"}],"about":[{"href":"https:\/\/diariorepublica.com.ar\/web\/index.php\/wp-json\/wp\/v2\/types\/post"}],"author":[{"embeddable":true,"href":"https:\/\/diariorepublica.com.ar\/web\/index.php\/wp-json\/wp\/v2\/users\/1"}],"replies":[{"embeddable":true,"href":"https:\/\/diariorepublica.com.ar\/web\/index.php\/wp-json\/wp\/v2\/comments?post=6339"}],"version-history":[{"count":1,"href":"https:\/\/diariorepublica.com.ar\/web\/index.php\/wp-json\/wp\/v2\/posts\/6339\/revisions"}],"predecessor-version":[{"id":6341,"href":"https:\/\/diariorepublica.com.ar\/web\/index.php\/wp-json\/wp\/v2\/posts\/6339\/revisions\/6341"}],"wp:featuredmedia":[{"embeddable":true,"href":"https:\/\/diariorepublica.com.ar\/web\/index.php\/wp-json\/wp\/v2\/media\/6340"}],"wp:attachment":[{"href":"https:\/\/diariorepublica.com.ar\/web\/index.php\/wp-json\/wp\/v2\/media?parent=6339"}],"wp:term":[{"taxonomy":"category","embeddable":true,"href":"https:\/\/diariorepublica.com.ar\/web\/index.php\/wp-json\/wp\/v2\/categories?post=6339"},{"taxonomy":"post_tag","embeddable":true,"href":"https:\/\/diariorepublica.com.ar\/web\/index.php\/wp-json\/wp\/v2\/tags?post=6339"}],"curies":[{"name":"wp","href":"https:\/\/api.w.org\/{rel}","templated":true}]}}