{"id":6345,"date":"2023-08-14T07:15:00","date_gmt":"2023-08-14T10:15:00","guid":{"rendered":"https:\/\/diariorepublica.com.ar\/web\/?p=6345"},"modified":"2023-08-14T07:36:07","modified_gmt":"2023-08-14T10:36:07","slug":"javier-milei-es-el-candidato-mas-votado-en-las-paso","status":"publish","type":"post","link":"https:\/\/diariorepublica.com.ar\/web\/index.php\/nacionales\/2023\/08\/14\/javier-milei-es-el-candidato-mas-votado-en-las-paso\/","title":{"rendered":"Javier Milei es el candidato m\u00e1s votado en las PASO"},"content":{"rendered":"<article class=\"article-body article-body--first-paragraph content-protected-false\" data-td-script-src=\"https:\/\/www.ambito.com\/td\/modulos\/encuestas\/js\/function-embeds-min-version-1660312092.js\">Aunque las encuestas le daban bien,\u00a0Javier Milei\u00a0sorprendi\u00f3 en las<strong>\u00a0Elecciones\u00a0PASO\u00a02023\u00a0<\/strong>al confirmarse como el candidato m\u00e1s votado tras sumar m\u00e1s de 30% de los sufragios. El l\u00edder de la\u00a0<strong>Libertad Avanza, que adem\u00e1s fue la fuerza m\u00e1s votada,\u00a0<\/strong>super\u00f3 a\u00a0<strong>Sergio Massa<\/strong>\u00a0<strong>(Uni\u00f3n por la Patria)<\/strong>\u00a0que obtuvo algo m\u00e1s de 21% y a\u00a0<strong>Patricia Bullrich,<\/strong>\u00a0quien por su parte super\u00f3 a\u00a0<strong>Horacio Rodr\u00edguez Larreta<\/strong>\u00a0en la interna de\u00a0<strong>Juntos por el Cambio<\/strong>.<\/p>\n<\/article>\n<article class=\"article-body article-body--second-paragraph content-protected-false\">Milei sum\u00f3 m\u00e1s de 6 millones de votos para afianzarse como el mejor perfilado de cara a las generales de octubre. \u00abSomos la verdadera oposici\u00f3n\u00bb, dijo al celebrar el resultado.<\/p>\n<article class=\"article-body article-body--third-paragraph content-protected-false\">Mirando a las generales de octubre, el ministro de Econom\u00eda y candidato ahora \u00fanico de Uni\u00f3n por la Patria,\u00a0<strong>Sergio Massa,<\/strong>\u00a0obtuve cerca de un 21% de los votos, y deber\u00eda esperarse que sume la mayor parte del 5,3% que consigui\u00f3\u00a0<strong>Juan Grabois<\/strong>, su rival en la interna.<\/p>\n<\/article>\n<article class=\"article-body article-body--fourth-paragraph content-protected-false\">La gran interna que atra\u00eda la atenci\u00f3n en estas\u00a0<strong>PASO<\/strong>, era la de<strong>\u00a0Juntos por el Cambio<\/strong>, entre\u00a0<strong>Patricia Bullrich<\/strong>\u00a0y\u00a0<strong>Horacio Rodr\u00edguez Larreta,\u00a0<\/strong>quienes aspiraban a ser el opositor m\u00e1s votado y perfilarse para disputar la presidencia en casi seguro balotaje. Sin embargo, la sorpresa del resultado de Milei puso una luz de alerta.<\/p>\n<\/article>\n<article class=\"article-body article-body--remaining-paragraph content-protected-false\">Bullrich finalmente super\u00f3 a Larreta por unos 6 puntos -17% vs 11%- y ser\u00e1 la candidata de JxC en octubre. La duda ahora es si podr\u00e1 retener los votos del saliente jefe de Gobierno porte\u00f1o luego de una r\u00edspida campa\u00f1a que dejar\u00e1 heridos.<\/p>\n<p>M\u00e1s atr\u00e1s qued\u00f3 el cordob\u00e9s\u00a0<strong>Juan<\/strong>\u00a0<strong>Schiaretti<\/strong>\u00a0(<strong>4,65%).\u00a0<\/strong>Por otro lado, en la interna del\u00a0<strong>Frente de Izquierda-Unidad<\/strong>\u00a0(que suma\u00a0<strong>2,53%<\/strong>),\u00a0<strong>Miriam Bregman<\/strong>\u00a0se impuso a\u00a0<strong>Gabriel Solano\u00a0<\/strong>por m\u00e1s de 150.000 votos.<\/p>\n<p>Por su parte, los espacios encabezados por\u00a0<strong>Guillermo Moreno\u00a0<\/strong>(0,75%),\u00a0<strong>Jes\u00fas Escobar\u00a0<\/strong>(0,71%) y\u00a0<strong>Manuela Casta\u00f1eira<\/strong>\u00a0(0,36%) no superaron el 1,5% de los votos totales en el padr\u00f3n por lo que no alcanzaron la l\u00ednea de corte para poder competir las generales de octubre.<\/p>\n<h6><strong>Elecciones 2023: c\u00f3mo qued\u00f3 el mapa electoral<\/strong><\/h6>\n<p>En la distribuci\u00f3n nacional,<strong>\u00a0Uni\u00f3n por la Patria<\/strong>\u00a0se impuso \u00fanicamente en cinco provincias:\u00a0<strong>Formosa, Chaco, Santiago del Estero, Catamarca<\/strong>\u00a0(donde tambi\u00e9n se impone<strong>\u00a0Ra\u00fal Jalil<\/strong>\u00a0en la<strong>\u00a0PASO<\/strong>\u00a0provincial) y\u00a0<strong>Buenos Aires<\/strong>\u00a0(<strong>Axel Kicillof<\/strong>\u00a0se impuso en la primaria provincial).<\/p>\n<p>Por su parte, los candidatos nacionales de\u00a0<strong>Juntos por el Cambio<\/strong>\u00a0fueron el m\u00e1s elegido en tres distritos:\u00a0<strong>ciudad de Buenos<\/strong>\u00a0<strong>Aires<\/strong>\u00a0(donde gan\u00f3 la\u00a0<strong>PASO<\/strong>, con\u00a0<strong>Jorge Macri<\/strong>),\u00a0<strong>Entre R\u00edos<\/strong>\u00a0(se impuso en la primaria provincial, con\u00a0<strong>Rogelio Frigerio<\/strong>) y en\u00a0<strong>Corrientes<\/strong>.<\/p>\n<p>En las otras 16 provincias, gan\u00f3\u00a0<strong>La Libertad Avanza<\/strong>\u00a0a nivel nacional, inclusive en<strong>\u00a0Santa Cruz<\/strong>, donde el peronismo se encamina a ganar la elecci\u00f3n provincial para gobernador.<\/p>\n<\/article>\n<\/article>\n","protected":false},"excerpt":{"rendered":"<p>Aunque las encuestas le daban bien,\u00a0Javier Milei\u00a0sorprendi\u00f3 en las\u00a0Elecciones\u00a0PASO\u00a02023\u00a0al confirmarse como el candidato m\u00e1s votado tras sumar m\u00e1s de 30%<\/p>\n","protected":false},"author":1,"featured_media":6346,"comment_status":"closed","ping_status":"closed","sticky":false,"template":"","format":"standard","meta":{"footnotes":"","jetpack_publicize_message":"","jetpack_publicize_feature_enabled":true,"jetpack_social_post_already_shared":true,"jetpack_social_options":{"image_generator_settings":{"template":"highway","enabled":false},"version":2}},"categories":[4],"tags":[],"class_list":["post-6345","post","type-post","status-publish","format-standard","has-post-thumbnail","hentry","category-nacionales"],"jetpack_publicize_connections":[],"_links":{"self":[{"href":"https:\/\/diariorepublica.com.ar\/web\/index.php\/wp-json\/wp\/v2\/posts\/6345"}],"collection":[{"href":"https:\/\/diariorepublica.com.ar\/web\/index.php\/wp-json\/wp\/v2\/posts"}],"about":[{"href":"https:\/\/diariorepublica.com.ar\/web\/index.php\/wp-json\/wp\/v2\/types\/post"}],"author":[{"embeddable":true,"href":"https:\/\/diariorepublica.com.ar\/web\/index.php\/wp-json\/wp\/v2\/users\/1"}],"replies":[{"embeddable":true,"href":"https:\/\/diariorepublica.com.ar\/web\/index.php\/wp-json\/wp\/v2\/comments?post=6345"}],"version-history":[{"count":2,"href":"https:\/\/diariorepublica.com.ar\/web\/index.php\/wp-json\/wp\/v2\/posts\/6345\/revisions"}],"predecessor-version":[{"id":6349,"href":"https:\/\/diariorepublica.com.ar\/web\/index.php\/wp-json\/wp\/v2\/posts\/6345\/revisions\/6349"}],"wp:featuredmedia":[{"embeddable":true,"href":"https:\/\/diariorepublica.com.ar\/web\/index.php\/wp-json\/wp\/v2\/media\/6346"}],"wp:attachment":[{"href":"https:\/\/diariorepublica.com.ar\/web\/index.php\/wp-json\/wp\/v2\/media?parent=6345"}],"wp:term":[{"taxonomy":"category","embeddable":true,"href":"https:\/\/diariorepublica.com.ar\/web\/index.php\/wp-json\/wp\/v2\/categories?post=6345"},{"taxonomy":"post_tag","embeddable":true,"href":"https:\/\/diariorepublica.com.ar\/web\/index.php\/wp-json\/wp\/v2\/tags?post=6345"}],"curies":[{"name":"wp","href":"https:\/\/api.w.org\/{rel}","templated":true}]}}