{"id":6359,"date":"2023-08-14T07:03:00","date_gmt":"2023-08-14T10:03:00","guid":{"rendered":"https:\/\/diariorepublica.com.ar\/web\/?p=6359"},"modified":"2023-08-14T08:05:19","modified_gmt":"2023-08-14T11:05:19","slug":"gran-triunfo-de-union-por-la-patria-en-catamarca","status":"publish","type":"post","link":"https:\/\/diariorepublica.com.ar\/web\/index.php\/politica\/2023\/08\/14\/gran-triunfo-de-union-por-la-patria-en-catamarca\/","title":{"rendered":"Gran triunfo de Uni\u00f3n por la Patria en Catamarca"},"content":{"rendered":"<p>Las elecciones Primarias, Abiertas, Simult\u00e1neas y Obligatorias (PASO) en Catamarca arrojaron una clara victoria para el oficialismo. La coalici\u00f3n Uni\u00f3n por la Patria, liderada por el gobernador Ra\u00fal Jalil, logr\u00f3 un amplio margen de triunfo en toda la provincia.<\/p>\n<p>Seg\u00fan datos provisorios y con el 75% % de las mesas escrutadas, la coalici\u00f3n oficialista obtuvo el 55,50% de los votos (76.795), mientras que Juntos por el Cambio, sumando sus dos l\u00edneas, logr\u00f3 el 27,20% de los sufragios (37.638). La tercera fuerza en esta contienda fue La Libertad Avanza, que postul\u00f3 como precandidato a gobernador a Jos\u00e9 Jalil Colom\u00e9 y logr\u00f3 el 15,77% de los votos.<\/p>\n<p>El precandidato a Gobernador por Uni\u00f3n por la Patria recibi\u00f3 la noticia de los datos en la sede del Partido Justicialista Catamarca junto a los otros referentes del sector como Gustavo Saadi (intendente de la Capital y Precandidato a la reelecci\u00f3n), la senadora Nacional Luc\u00eda Corpacci, entre otros precandidatos y referentes locales.<\/p>\n<p><strong>Ra\u00fal<\/strong>\u00a0valor\u00f3 el trabajo en equipo con el intendente Saadi y la senadora Corpacci para conseguir este contundente triunfo. \u201cEsto es producto del trabajo de todos los a\u00f1os donde recorrimos toda la provincia, y el trabajo que viene realizando Gustavo en la Capital. Catamarca hoy ha dado un ejemplo de lo que se puede hacer trabajando en equipo\u201d, puntualiz\u00f3.<\/p>\n<p>\u201cCatamarca viene trabajando con ideas muy profundas en turismo, ha crecido la agroindustria, la miner\u00eda, el empleo privado. Este es un espacio pol\u00edtico que hizo muchas cosas por Catamarca. Agradezco al gabinete, porque hemos ganado producto de la gesti\u00f3n, el trabajo y la unidad\u201d, cerr\u00f3.<\/p>\n<p>Por su parte, la senadora\u00a0<strong>Luc\u00eda Corpacci\u00a0<\/strong>agradeci\u00f3 el apoyo del electorado al proyecto pol\u00edtico del Gobierno. \u201cAgradezco a los militantes que trabajaron para lograr este resultado electoral que nos pone tan felices. Ganamos a nivel provincial, nacional y municipal. Ganamos pr\u00e1cticamente en todos los departamentos\u201d, puntualiz\u00f3.<\/p>\n<p><strong>Gustavo Saadi<\/strong>\u00a0agradeci\u00f3 a los vecinos y a las vecinas y a las familias capitalinas por el gran apoyo. Estamos ganando en todos los circuitos de la Capital. Les agradezco de coraz\u00f3n a todos los precandidatos a concejales. De ellos es este triunfo tambi\u00e9n. Agradezco a los fiscales de mesa y a los dirigentes, militantes del Justicialismo y los partidos que forman parte del Frente\u201d, sintetiz\u00f3.<\/p>\n<p>\u201cEs un triunfo contundente en comparaci\u00f3n con Juntos por el Cambio ya que los estamos duplicando en la cantidad de votos a nivel provincial\u201d, dijo el ministro de Gobierno, Justicia y Derechos Humanos,\u00a0<strong>Juan Cruz Miranda<\/strong>. Adem\u00e1s, se destac\u00f3 la contundente victoria en la Capital, donde el intendente Gustavo Saadi obtuvo m\u00e1s del 60% de los votos.<\/p>\n<p>El oficialismo provincial tambi\u00e9n logr\u00f3 imponerse en las ocho jurisdicciones departamentales donde se eleg\u00edan senadores, consolidando as\u00ed su posici\u00f3n en diversos \u00e1mbitos del territorio.<\/p>\n","protected":false},"excerpt":{"rendered":"<p>Las elecciones Primarias, Abiertas, Simult\u00e1neas y Obligatorias (PASO) en Catamarca arrojaron una clara victoria para el oficialismo. La coalici\u00f3n Uni\u00f3n<\/p>\n","protected":false},"author":1,"featured_media":6360,"comment_status":"closed","ping_status":"closed","sticky":false,"template":"","format":"standard","meta":{"footnotes":"","jetpack_publicize_message":"","jetpack_publicize_feature_enabled":true,"jetpack_social_post_already_shared":true,"jetpack_social_options":{"image_generator_settings":{"template":"highway","enabled":false},"version":2}},"categories":[12],"tags":[],"class_list":["post-6359","post","type-post","status-publish","format-standard","has-post-thumbnail","hentry","category-politica"],"jetpack_publicize_connections":[],"_links":{"self":[{"href":"https:\/\/diariorepublica.com.ar\/web\/index.php\/wp-json\/wp\/v2\/posts\/6359"}],"collection":[{"href":"https:\/\/diariorepublica.com.ar\/web\/index.php\/wp-json\/wp\/v2\/posts"}],"about":[{"href":"https:\/\/diariorepublica.com.ar\/web\/index.php\/wp-json\/wp\/v2\/types\/post"}],"author":[{"embeddable":true,"href":"https:\/\/diariorepublica.com.ar\/web\/index.php\/wp-json\/wp\/v2\/users\/1"}],"replies":[{"embeddable":true,"href":"https:\/\/diariorepublica.com.ar\/web\/index.php\/wp-json\/wp\/v2\/comments?post=6359"}],"version-history":[{"count":1,"href":"https:\/\/diariorepublica.com.ar\/web\/index.php\/wp-json\/wp\/v2\/posts\/6359\/revisions"}],"predecessor-version":[{"id":6361,"href":"https:\/\/diariorepublica.com.ar\/web\/index.php\/wp-json\/wp\/v2\/posts\/6359\/revisions\/6361"}],"wp:featuredmedia":[{"embeddable":true,"href":"https:\/\/diariorepublica.com.ar\/web\/index.php\/wp-json\/wp\/v2\/media\/6360"}],"wp:attachment":[{"href":"https:\/\/diariorepublica.com.ar\/web\/index.php\/wp-json\/wp\/v2\/media?parent=6359"}],"wp:term":[{"taxonomy":"category","embeddable":true,"href":"https:\/\/diariorepublica.com.ar\/web\/index.php\/wp-json\/wp\/v2\/categories?post=6359"},{"taxonomy":"post_tag","embeddable":true,"href":"https:\/\/diariorepublica.com.ar\/web\/index.php\/wp-json\/wp\/v2\/tags?post=6359"}],"curies":[{"name":"wp","href":"https:\/\/api.w.org\/{rel}","templated":true}]}}