{"id":6368,"date":"2023-08-14T09:57:20","date_gmt":"2023-08-14T12:57:20","guid":{"rendered":"https:\/\/diariorepublica.com.ar\/web\/?p=6368"},"modified":"2023-08-14T09:57:21","modified_gmt":"2023-08-14T12:57:21","slug":"el-oficialismo-celebro-una-nueva-victoria","status":"publish","type":"post","link":"https:\/\/diariorepublica.com.ar\/web\/index.php\/politica\/2023\/08\/14\/el-oficialismo-celebro-una-nueva-victoria\/","title":{"rendered":"El Oficialismo celebr\u00f3 una nueva victoria"},"content":{"rendered":"<p>Con el 94,32% de las mesas escrutadas en la elecci\u00f3n PASO, el gobernador Ra\u00fal Jalil se impuso por el 56% (93.220 votos) y logr\u00f3 una diferencia de casi 30 puntos con respecto a Juntos por el Cambio, segunda fuerza en la categor\u00eda gobernador<\/p>\n<p>A nivel nacional, el precandidato a presidente de La Libertad Avanza, Javier Milei, obten\u00eda anoche el 30,90% de los votos; los dos precandidatos de Juntos por el Cambio, Patricia Bullrich y Horacio Rodr\u00edguez Larreta, el 28,04%; y los de Uni\u00f3n por la Patria (UxP), Sergio Massa y Juan Grabois, un total de 26,69% de los votos.<\/p>\n<p>En Catamarca, en la categor\u00eda presidente Sergio Massa, con 31.736 votos, qued\u00f3 en primer lugar, el segundo fue para Javier Milei (25.275 votos) y en tercer lugar, Patricia Bullrich con 9.329 votos.<\/p>\n","protected":false},"excerpt":{"rendered":"<p>Con el 94,32% de las mesas escrutadas en la elecci\u00f3n PASO, el gobernador Ra\u00fal Jalil se impuso por el 56%<\/p>\n","protected":false},"author":2,"featured_media":6369,"comment_status":"closed","ping_status":"closed","sticky":false,"template":"","format":"standard","meta":{"footnotes":"","jetpack_publicize_message":"","jetpack_publicize_feature_enabled":true,"jetpack_social_post_already_shared":true,"jetpack_social_options":{"image_generator_settings":{"template":"highway","enabled":false},"version":2}},"categories":[12],"tags":[],"class_list":["post-6368","post","type-post","status-publish","format-standard","has-post-thumbnail","hentry","category-politica"],"jetpack_publicize_connections":[],"_links":{"self":[{"href":"https:\/\/diariorepublica.com.ar\/web\/index.php\/wp-json\/wp\/v2\/posts\/6368"}],"collection":[{"href":"https:\/\/diariorepublica.com.ar\/web\/index.php\/wp-json\/wp\/v2\/posts"}],"about":[{"href":"https:\/\/diariorepublica.com.ar\/web\/index.php\/wp-json\/wp\/v2\/types\/post"}],"author":[{"embeddable":true,"href":"https:\/\/diariorepublica.com.ar\/web\/index.php\/wp-json\/wp\/v2\/users\/2"}],"replies":[{"embeddable":true,"href":"https:\/\/diariorepublica.com.ar\/web\/index.php\/wp-json\/wp\/v2\/comments?post=6368"}],"version-history":[{"count":1,"href":"https:\/\/diariorepublica.com.ar\/web\/index.php\/wp-json\/wp\/v2\/posts\/6368\/revisions"}],"predecessor-version":[{"id":6370,"href":"https:\/\/diariorepublica.com.ar\/web\/index.php\/wp-json\/wp\/v2\/posts\/6368\/revisions\/6370"}],"wp:featuredmedia":[{"embeddable":true,"href":"https:\/\/diariorepublica.com.ar\/web\/index.php\/wp-json\/wp\/v2\/media\/6369"}],"wp:attachment":[{"href":"https:\/\/diariorepublica.com.ar\/web\/index.php\/wp-json\/wp\/v2\/media?parent=6368"}],"wp:term":[{"taxonomy":"category","embeddable":true,"href":"https:\/\/diariorepublica.com.ar\/web\/index.php\/wp-json\/wp\/v2\/categories?post=6368"},{"taxonomy":"post_tag","embeddable":true,"href":"https:\/\/diariorepublica.com.ar\/web\/index.php\/wp-json\/wp\/v2\/tags?post=6368"}],"curies":[{"name":"wp","href":"https:\/\/api.w.org\/{rel}","templated":true}]}}