{"id":6371,"date":"2023-08-14T10:03:49","date_gmt":"2023-08-14T13:03:49","guid":{"rendered":"https:\/\/diariorepublica.com.ar\/web\/?p=6371"},"modified":"2023-08-14T10:03:51","modified_gmt":"2023-08-14T13:03:51","slug":"un-poco-mas-de-63-de-los-catamarquenos-concurrio-a-las-urnas","status":"publish","type":"post","link":"https:\/\/diariorepublica.com.ar\/web\/index.php\/politica\/2023\/08\/14\/un-poco-mas-de-63-de-los-catamarquenos-concurrio-a-las-urnas\/","title":{"rendered":"Un poco mas de 63% de los catamarque\u00f1os concurri\u00f3 a las urnas"},"content":{"rendered":"<p>La participaci\u00f3n fue del 63,74% en la provincia. Ese registro es mejor que el de 2021 (afectado por la pandemia), pero no supera la participaci\u00f3n de las PASO 2019, donde vot\u00f3 el 68,84% del padr\u00f3n habilitado.<\/p>\n<p>En estas PASO estaban habilitados 340.168 catamarque\u00f1os, de los cuales casi el 36% eligi\u00f3 no acudir a las escuelas.<\/p>\n","protected":false},"excerpt":{"rendered":"<p>La participaci\u00f3n fue del 63,74% en la provincia. Ese registro es mejor que el de 2021 (afectado por la pandemia),<\/p>\n","protected":false},"author":2,"featured_media":6372,"comment_status":"closed","ping_status":"closed","sticky":false,"template":"","format":"standard","meta":{"footnotes":"","jetpack_publicize_message":"","jetpack_publicize_feature_enabled":true,"jetpack_social_post_already_shared":true,"jetpack_social_options":{"image_generator_settings":{"template":"highway","enabled":false},"version":2}},"categories":[12],"tags":[],"class_list":["post-6371","post","type-post","status-publish","format-standard","has-post-thumbnail","hentry","category-politica"],"jetpack_publicize_connections":[],"_links":{"self":[{"href":"https:\/\/diariorepublica.com.ar\/web\/index.php\/wp-json\/wp\/v2\/posts\/6371"}],"collection":[{"href":"https:\/\/diariorepublica.com.ar\/web\/index.php\/wp-json\/wp\/v2\/posts"}],"about":[{"href":"https:\/\/diariorepublica.com.ar\/web\/index.php\/wp-json\/wp\/v2\/types\/post"}],"author":[{"embeddable":true,"href":"https:\/\/diariorepublica.com.ar\/web\/index.php\/wp-json\/wp\/v2\/users\/2"}],"replies":[{"embeddable":true,"href":"https:\/\/diariorepublica.com.ar\/web\/index.php\/wp-json\/wp\/v2\/comments?post=6371"}],"version-history":[{"count":1,"href":"https:\/\/diariorepublica.com.ar\/web\/index.php\/wp-json\/wp\/v2\/posts\/6371\/revisions"}],"predecessor-version":[{"id":6373,"href":"https:\/\/diariorepublica.com.ar\/web\/index.php\/wp-json\/wp\/v2\/posts\/6371\/revisions\/6373"}],"wp:featuredmedia":[{"embeddable":true,"href":"https:\/\/diariorepublica.com.ar\/web\/index.php\/wp-json\/wp\/v2\/media\/6372"}],"wp:attachment":[{"href":"https:\/\/diariorepublica.com.ar\/web\/index.php\/wp-json\/wp\/v2\/media?parent=6371"}],"wp:term":[{"taxonomy":"category","embeddable":true,"href":"https:\/\/diariorepublica.com.ar\/web\/index.php\/wp-json\/wp\/v2\/categories?post=6371"},{"taxonomy":"post_tag","embeddable":true,"href":"https:\/\/diariorepublica.com.ar\/web\/index.php\/wp-json\/wp\/v2\/tags?post=6371"}],"curies":[{"name":"wp","href":"https:\/\/api.w.org\/{rel}","templated":true}]}}