{"id":6374,"date":"2023-08-14T10:17:46","date_gmt":"2023-08-14T13:17:46","guid":{"rendered":"https:\/\/diariorepublica.com.ar\/web\/?p=6374"},"modified":"2023-08-14T10:17:50","modified_gmt":"2023-08-14T13:17:50","slug":"la-gente-voto-por-el-cambio","status":"publish","type":"post","link":"https:\/\/diariorepublica.com.ar\/web\/index.php\/politica\/2023\/08\/14\/la-gente-voto-por-el-cambio\/","title":{"rendered":"\u00abLa gente vot\u00f3 por el cambio\u00bb"},"content":{"rendered":"<p>Con casi el 16 por ciento de los votos, \u00abLa Libertad Avanza\u00bb (LLA), los debutantes en esta contienda, se posicionaron como tercera fuerza y generaron una fuerte expectativa hacia octubre.<\/p>\n<p>Jos\u00e9 Jalil Colom\u00e9, el candidato a gobernador por la alianza, consider\u00f3 que la buena elecci\u00f3n provincial fue a causa del efecto Javier Milei en todo el pa\u00eds.<\/p>\n<p>\u201cEstamos altamente emocionados y contentos por los resultados que tuvo Milei a nivel nacional. Ha sido despreciado por los encuestadores, el pueblo entendi\u00f3 por arriba de lo que indican los medios y la gente ejecut\u00f3 su opci\u00f3n al mostrarse en libertad\u201d.<\/p>\n<p>Jalil Colom\u00e9 tambi\u00e9n se refiri\u00f3 a las denuncias por faltante de boletas libertarias y la calific\u00f3 como \u201cinterferencias\u201d.<\/p>\n","protected":false},"excerpt":{"rendered":"<p>Con casi el 16 por ciento de los votos, \u00abLa Libertad Avanza\u00bb (LLA), los debutantes en esta contienda, se posicionaron<\/p>\n","protected":false},"author":2,"featured_media":6375,"comment_status":"closed","ping_status":"closed","sticky":false,"template":"","format":"standard","meta":{"footnotes":"","jetpack_publicize_message":"","jetpack_publicize_feature_enabled":true,"jetpack_social_post_already_shared":true,"jetpack_social_options":{"image_generator_settings":{"template":"highway","enabled":false},"version":2}},"categories":[12],"tags":[],"class_list":["post-6374","post","type-post","status-publish","format-standard","has-post-thumbnail","hentry","category-politica"],"jetpack_publicize_connections":[],"_links":{"self":[{"href":"https:\/\/diariorepublica.com.ar\/web\/index.php\/wp-json\/wp\/v2\/posts\/6374"}],"collection":[{"href":"https:\/\/diariorepublica.com.ar\/web\/index.php\/wp-json\/wp\/v2\/posts"}],"about":[{"href":"https:\/\/diariorepublica.com.ar\/web\/index.php\/wp-json\/wp\/v2\/types\/post"}],"author":[{"embeddable":true,"href":"https:\/\/diariorepublica.com.ar\/web\/index.php\/wp-json\/wp\/v2\/users\/2"}],"replies":[{"embeddable":true,"href":"https:\/\/diariorepublica.com.ar\/web\/index.php\/wp-json\/wp\/v2\/comments?post=6374"}],"version-history":[{"count":1,"href":"https:\/\/diariorepublica.com.ar\/web\/index.php\/wp-json\/wp\/v2\/posts\/6374\/revisions"}],"predecessor-version":[{"id":6376,"href":"https:\/\/diariorepublica.com.ar\/web\/index.php\/wp-json\/wp\/v2\/posts\/6374\/revisions\/6376"}],"wp:featuredmedia":[{"embeddable":true,"href":"https:\/\/diariorepublica.com.ar\/web\/index.php\/wp-json\/wp\/v2\/media\/6375"}],"wp:attachment":[{"href":"https:\/\/diariorepublica.com.ar\/web\/index.php\/wp-json\/wp\/v2\/media?parent=6374"}],"wp:term":[{"taxonomy":"category","embeddable":true,"href":"https:\/\/diariorepublica.com.ar\/web\/index.php\/wp-json\/wp\/v2\/categories?post=6374"},{"taxonomy":"post_tag","embeddable":true,"href":"https:\/\/diariorepublica.com.ar\/web\/index.php\/wp-json\/wp\/v2\/tags?post=6374"}],"curies":[{"name":"wp","href":"https:\/\/api.w.org\/{rel}","templated":true}]}}