{"id":6393,"date":"2023-08-14T11:22:56","date_gmt":"2023-08-14T14:22:56","guid":{"rendered":"https:\/\/diariorepublica.com.ar\/web\/?p=6393"},"modified":"2023-08-14T11:23:00","modified_gmt":"2023-08-14T14:23:00","slug":"devalucion-de-21-el-gobierno-elevo-el-dolar-oficial-a-365","status":"publish","type":"post","link":"https:\/\/diariorepublica.com.ar\/web\/index.php\/economia\/2023\/08\/14\/devalucion-de-21-el-gobierno-elevo-el-dolar-oficial-a-365\/","title":{"rendered":"Devaluci\u00f3n de 21%: el Gobierno elev\u00f3 el d\u00f3lar oficial a $365"},"content":{"rendered":"<p>El Banco Central decidi\u00f3 hoy elevar el tipo de cambio oficial mayorita a $350, mientras que el minorista en el Banco Nacion se vend\u00eda a $365,5, lo que implica una devaluaci\u00f3n del 21,8% con respecto a la cotizaci\u00f3n del \u00faltimo cierre.<\/p>\n<p>Respecto a la cotizaci\u00f3n mayorista, el Gobierno mantendr\u00eda el valor fijo hasta las elecciones presidenciales de octubre, seg\u00fan trascendi\u00f3 de fuentes oficiales.<\/p>\n<p>A su vez, elev\u00f3 la tasa de inter\u00e9s en 21 puntos b\u00e1sicos al 118% para contener los dep\u00f3sitos en las cuentas bancarias y evitar presi\u00f3n adicional sobre el tipo de cambio informal.<\/p>\n<p>Por el momento, no se conocen otras medidas como por ejemplo alg\u00fan tipo de simplificaci\u00f3n cambiaria.<\/p>\n<p>La actualizaci\u00f3n del tipo de cambio era una de las exigencias del FMI para aprobar el desembolso de US$7.500 millones.<\/p>\n","protected":false},"excerpt":{"rendered":"<p>El Banco Central decidi\u00f3 hoy elevar el tipo de cambio oficial mayorita a $350, mientras que el minorista en el<\/p>\n","protected":false},"author":1,"featured_media":6394,"comment_status":"closed","ping_status":"closed","sticky":false,"template":"","format":"standard","meta":{"footnotes":"","jetpack_publicize_message":"","jetpack_publicize_feature_enabled":true,"jetpack_social_post_already_shared":true,"jetpack_social_options":{"image_generator_settings":{"template":"highway","enabled":false},"version":2}},"categories":[5],"tags":[],"class_list":["post-6393","post","type-post","status-publish","format-standard","has-post-thumbnail","hentry","category-economia"],"jetpack_publicize_connections":[],"_links":{"self":[{"href":"https:\/\/diariorepublica.com.ar\/web\/index.php\/wp-json\/wp\/v2\/posts\/6393"}],"collection":[{"href":"https:\/\/diariorepublica.com.ar\/web\/index.php\/wp-json\/wp\/v2\/posts"}],"about":[{"href":"https:\/\/diariorepublica.com.ar\/web\/index.php\/wp-json\/wp\/v2\/types\/post"}],"author":[{"embeddable":true,"href":"https:\/\/diariorepublica.com.ar\/web\/index.php\/wp-json\/wp\/v2\/users\/1"}],"replies":[{"embeddable":true,"href":"https:\/\/diariorepublica.com.ar\/web\/index.php\/wp-json\/wp\/v2\/comments?post=6393"}],"version-history":[{"count":1,"href":"https:\/\/diariorepublica.com.ar\/web\/index.php\/wp-json\/wp\/v2\/posts\/6393\/revisions"}],"predecessor-version":[{"id":6395,"href":"https:\/\/diariorepublica.com.ar\/web\/index.php\/wp-json\/wp\/v2\/posts\/6393\/revisions\/6395"}],"wp:featuredmedia":[{"embeddable":true,"href":"https:\/\/diariorepublica.com.ar\/web\/index.php\/wp-json\/wp\/v2\/media\/6394"}],"wp:attachment":[{"href":"https:\/\/diariorepublica.com.ar\/web\/index.php\/wp-json\/wp\/v2\/media?parent=6393"}],"wp:term":[{"taxonomy":"category","embeddable":true,"href":"https:\/\/diariorepublica.com.ar\/web\/index.php\/wp-json\/wp\/v2\/categories?post=6393"},{"taxonomy":"post_tag","embeddable":true,"href":"https:\/\/diariorepublica.com.ar\/web\/index.php\/wp-json\/wp\/v2\/tags?post=6393"}],"curies":[{"name":"wp","href":"https:\/\/api.w.org\/{rel}","templated":true}]}}