{"id":6396,"date":"2023-08-14T11:24:40","date_gmt":"2023-08-14T14:24:40","guid":{"rendered":"https:\/\/diariorepublica.com.ar\/web\/?p=6396"},"modified":"2023-08-14T11:24:44","modified_gmt":"2023-08-14T14:24:44","slug":"el-banco-central-sube-la-tasa-nominal-anual-de-plazos-fijos-al-118","status":"publish","type":"post","link":"https:\/\/diariorepublica.com.ar\/web\/index.php\/economia\/2023\/08\/14\/el-banco-central-sube-la-tasa-nominal-anual-de-plazos-fijos-al-118\/","title":{"rendered":"El Banco Central sube la tasa nominal anual de plazos fijos al 118%"},"content":{"rendered":"<p>El organismo elev\u00f3 este lunes en 21 puntos porcentuales la Tasa Nominal Anual (TNA) para plazos fijos, que pas\u00f3 del 97% vigente hasta el viernes al 118%. As\u00ed,\u00a0la tasa mensual quedar\u00eda en 9,83% y la efectiva anual en 209,4%.<\/p>\n<p>El Banco Central elev\u00f3 este lunes en 21 puntos porcentuales la Tasa Nominal Anual (TNA) para plazos fijos al 118%, del 97% vigente hasta el viernes, informaron a T\u00e9lam fuentes oficiales de la autoridad monetaria.<\/p>\n<p>De esa manera, la tasa mensual quedar\u00eda en 9,83% y la efectiva anual en 209,4%.<\/p>\n","protected":false},"excerpt":{"rendered":"<p>El organismo elev\u00f3 este lunes en 21 puntos porcentuales la Tasa Nominal Anual (TNA) para plazos fijos, que pas\u00f3 del<\/p>\n","protected":false},"author":1,"featured_media":6397,"comment_status":"closed","ping_status":"closed","sticky":false,"template":"","format":"standard","meta":{"footnotes":"","jetpack_publicize_message":"","jetpack_publicize_feature_enabled":true,"jetpack_social_post_already_shared":true,"jetpack_social_options":{"image_generator_settings":{"template":"highway","enabled":false},"version":2}},"categories":[5],"tags":[],"class_list":["post-6396","post","type-post","status-publish","format-standard","has-post-thumbnail","hentry","category-economia"],"jetpack_publicize_connections":[],"_links":{"self":[{"href":"https:\/\/diariorepublica.com.ar\/web\/index.php\/wp-json\/wp\/v2\/posts\/6396"}],"collection":[{"href":"https:\/\/diariorepublica.com.ar\/web\/index.php\/wp-json\/wp\/v2\/posts"}],"about":[{"href":"https:\/\/diariorepublica.com.ar\/web\/index.php\/wp-json\/wp\/v2\/types\/post"}],"author":[{"embeddable":true,"href":"https:\/\/diariorepublica.com.ar\/web\/index.php\/wp-json\/wp\/v2\/users\/1"}],"replies":[{"embeddable":true,"href":"https:\/\/diariorepublica.com.ar\/web\/index.php\/wp-json\/wp\/v2\/comments?post=6396"}],"version-history":[{"count":1,"href":"https:\/\/diariorepublica.com.ar\/web\/index.php\/wp-json\/wp\/v2\/posts\/6396\/revisions"}],"predecessor-version":[{"id":6398,"href":"https:\/\/diariorepublica.com.ar\/web\/index.php\/wp-json\/wp\/v2\/posts\/6396\/revisions\/6398"}],"wp:featuredmedia":[{"embeddable":true,"href":"https:\/\/diariorepublica.com.ar\/web\/index.php\/wp-json\/wp\/v2\/media\/6397"}],"wp:attachment":[{"href":"https:\/\/diariorepublica.com.ar\/web\/index.php\/wp-json\/wp\/v2\/media?parent=6396"}],"wp:term":[{"taxonomy":"category","embeddable":true,"href":"https:\/\/diariorepublica.com.ar\/web\/index.php\/wp-json\/wp\/v2\/categories?post=6396"},{"taxonomy":"post_tag","embeddable":true,"href":"https:\/\/diariorepublica.com.ar\/web\/index.php\/wp-json\/wp\/v2\/tags?post=6396"}],"curies":[{"name":"wp","href":"https:\/\/api.w.org\/{rel}","templated":true}]}}