{"id":6399,"date":"2023-08-14T11:39:04","date_gmt":"2023-08-14T14:39:04","guid":{"rendered":"https:\/\/diariorepublica.com.ar\/web\/?p=6399"},"modified":"2023-08-14T11:39:07","modified_gmt":"2023-08-14T14:39:07","slug":"lali-esposito-volvio-a-disparar-contra-javier-milei-y-respondio-con-dureza-a-quienes-la-critican","status":"publish","type":"post","link":"https:\/\/diariorepublica.com.ar\/web\/index.php\/espectaculos\/2023\/08\/14\/lali-esposito-volvio-a-disparar-contra-javier-milei-y-respondio-con-dureza-a-quienes-la-critican\/","title":{"rendered":"Lali Esp\u00f3sito volvi\u00f3 a disparar contra Javier Milei y respondi\u00f3 con dureza a quienes la critican"},"content":{"rendered":"<article class=\"article-body first\">\n<div class=\"article-content\">\n<div class=\"news-body-paragraph\">\n<p><strong>Lali Esp\u00f3sito<\/strong>\u00a0volvi\u00f3 a manifestarse con todo sobre el resultado de las\u00a0<strong>PASO 2023\u00a0<\/strong>y arroj\u00f3 una fuerte frase contra quienes la critican por haber opinado sobre\u00a0<strong>Javier Milei.<\/strong><\/p>\n<\/div>\n<\/div>\n<\/article>\n<article class=\"article-body\">\n<div class=\"article-content\">\n<div class=\"news-body-paragraph\">\n<p><strong><em>\u201cLa violencia con la que bardean y los argumentos son un reflejo de lo que votan justamente\u201d<\/em><\/strong>, se\u00f1al\u00f3, en un largo texto que difundi\u00f3 en sus redes sociales.<\/p>\n<p>La cantante reaccion\u00f3 este lunes contra los votantes de Milei que provocaron una catarata de mensajes negativos luego de que tuiteara una vez que se conocieron los resultados.<strong><em>\u00a0\u201cQu\u00e9 peligroso. Qu\u00e9 triste\u201d,<\/em><\/strong>\u00a0hab\u00eda tuiteado.<\/p>\n<p>En su nuevo posteo, Lali fue m\u00e1s extensa en su opini\u00f3n.\u00a0<em>\u201cNo me pone para nada mal que me \u2018bardeen\u2019 por considerar peligroso y triste que haya gente que vote a un ANTI-DERECHO\u201d,<\/em>\u00a0indic\u00f3.<\/p>\n<p>Luego se quej\u00f3 de la forma en la que se plantean los debates den las redes.\u00a0<em>\u201cNos mal acostumbramos a considerar que si alguien opina de una manera es porque est\u00e1 del \u2018otro bando\u2019 y del \u00daNICO bando que voy a estar siempre (dentro del panorama decadente pol\u00edtico y econ\u00f3mico argentino) es del lado del que no se caga en lo ganado en materia de derechos\u201d,<\/em>\u00a0dijo.<\/p>\n<p>Por \u00faltimo, dijo que podr\u00eda\u00a0<em>\u201cno opinar nada\u201d<\/em>, algo m\u00e1s c\u00f3moda para ella, seg\u00fan expres\u00f3.\u00a0<strong><em>\u201cNo soy soy as\u00ed. As\u00ed que \u00a1S\u00ed! Para m\u00ed es realmente triste votar a un Anti-Derecho. Eso opino. Igual tranquis que soy una ciudadana angustiada no una candidata ni nada. \u00a1Relajen! Un beso respetuoso para todos\u201d,\u00a0<\/em><\/strong>cerr\u00f3.<\/p>\n<p>fuente: primiciasya.com<\/p>\n<div id=\"1293229-Libre Sin Limite-1078940769_wrap\" class=\"embed_cont type_imagen\" contenteditable=\"false\">\n<div id=\"1293229-Libre Sin Limite-1078940769_content\" class=\"embed_content\"><img decoding=\"async\" id=\"1293229-Libre Sin Limite-1078940769_embed\" title=\"\" src=\"https:\/\/media.a24.com\/p\/e28714b4932d7080b703f10db7a1ec9b\/adjuntos\/296\/imagenes\/009\/210\/0009210736\/1200x0\/smart\/lali-esposito.png\" alt=\"\" width=\"1200\" height=\"\" \/><\/div>\n<\/div>\n<\/div>\n<\/div>\n<\/article>\n","protected":false},"excerpt":{"rendered":"<p>Lali Esp\u00f3sito\u00a0volvi\u00f3 a manifestarse con todo sobre el resultado de las\u00a0PASO 2023\u00a0y arroj\u00f3 una fuerte frase contra quienes la critican<\/p>\n","protected":false},"author":1,"featured_media":6400,"comment_status":"closed","ping_status":"closed","sticky":false,"template":"","format":"standard","meta":{"footnotes":"","jetpack_publicize_message":"","jetpack_publicize_feature_enabled":true,"jetpack_social_post_already_shared":true,"jetpack_social_options":{"image_generator_settings":{"template":"highway","enabled":false},"version":2}},"categories":[7],"tags":[],"class_list":["post-6399","post","type-post","status-publish","format-standard","has-post-thumbnail","hentry","category-espectaculos"],"jetpack_publicize_connections":[],"_links":{"self":[{"href":"https:\/\/diariorepublica.com.ar\/web\/index.php\/wp-json\/wp\/v2\/posts\/6399"}],"collection":[{"href":"https:\/\/diariorepublica.com.ar\/web\/index.php\/wp-json\/wp\/v2\/posts"}],"about":[{"href":"https:\/\/diariorepublica.com.ar\/web\/index.php\/wp-json\/wp\/v2\/types\/post"}],"author":[{"embeddable":true,"href":"https:\/\/diariorepublica.com.ar\/web\/index.php\/wp-json\/wp\/v2\/users\/1"}],"replies":[{"embeddable":true,"href":"https:\/\/diariorepublica.com.ar\/web\/index.php\/wp-json\/wp\/v2\/comments?post=6399"}],"version-history":[{"count":1,"href":"https:\/\/diariorepublica.com.ar\/web\/index.php\/wp-json\/wp\/v2\/posts\/6399\/revisions"}],"predecessor-version":[{"id":6401,"href":"https:\/\/diariorepublica.com.ar\/web\/index.php\/wp-json\/wp\/v2\/posts\/6399\/revisions\/6401"}],"wp:featuredmedia":[{"embeddable":true,"href":"https:\/\/diariorepublica.com.ar\/web\/index.php\/wp-json\/wp\/v2\/media\/6400"}],"wp:attachment":[{"href":"https:\/\/diariorepublica.com.ar\/web\/index.php\/wp-json\/wp\/v2\/media?parent=6399"}],"wp:term":[{"taxonomy":"category","embeddable":true,"href":"https:\/\/diariorepublica.com.ar\/web\/index.php\/wp-json\/wp\/v2\/categories?post=6399"},{"taxonomy":"post_tag","embeddable":true,"href":"https:\/\/diariorepublica.com.ar\/web\/index.php\/wp-json\/wp\/v2\/tags?post=6399"}],"curies":[{"name":"wp","href":"https:\/\/api.w.org\/{rel}","templated":true}]}}