{"id":6402,"date":"2023-08-14T12:40:00","date_gmt":"2023-08-14T15:40:00","guid":{"rendered":"https:\/\/diariorepublica.com.ar\/web\/?p=6402"},"modified":"2023-08-14T11:41:06","modified_gmt":"2023-08-14T14:41:06","slug":"secretaria-de-familia-con-actividades-para-el-optimo-desarrollo-infantil","status":"publish","type":"post","link":"https:\/\/diariorepublica.com.ar\/web\/index.php\/locales\/2023\/08\/14\/secretaria-de-familia-con-actividades-para-el-optimo-desarrollo-infantil\/","title":{"rendered":"Secretar\u00eda de Familia con Actividades para el \u00f3ptimo Desarrollo Infantil"},"content":{"rendered":"<p>El Ministerio de Desarrollo Social a trav\u00e9s de la Secretar\u00eda de Familia, trabajan en el Programa Fortalecimiento Familiar, con el inicio del \u201cEspacio Crecer Familia\u201d all\u00ed se desarrollar\u00e1n encuentros y\/o talleres para madres, padres, referentes familiares y afectivos de ni\u00f1os, ni\u00f1as y adolescentes (NNA), que se encuentran con Medidas de Protecci\u00f3n Integral y Excepcional.<\/p>\n<p>Este programa tiene como objetivo acompa\u00f1ar a las familias en el fortalecimiento de sus v\u00ednculos, potenciando las responsabilidades y habilidades parentales en pos de generar centros de vida saludables.<\/p>\n<p>Adem\u00e1s en el mes de las infancias, \u00a0junto a los m\u00e1s peque\u00f1os desde la secretar\u00eda de Familia, est\u00e1n trabajando fuertemente su Secretaria Carolina Byorkman y la Directora de primera infancia Patricia Bossio visitaron el Centro de Desarrollo Infantil Ni\u00f1ary, ubicado en el barrio 500 Viviendas. En este lugar alberga a m\u00e1s de 30 ni\u00f1os y ofrece diariamente actividades l\u00fadicas, educativas y de acompa\u00f1amiento a las familias.<\/p>\n<p>En el marco del mes de las infancias, los ni\u00f1os y ni\u00f1as del CDI Ni\u00f1ary participaron de diferentes actividades, como juegos, canciones, entre otras cosas.<\/p>\n<p>La visita al centro fue una buena oportunidad para conocer de primera mano el trabajo que se realiza en el CDI Ni\u00f1ary y para reafirmar el compromiso del Gobierno provincial con la primera infancia.<\/p>\n","protected":false},"excerpt":{"rendered":"<p>El Ministerio de Desarrollo Social a trav\u00e9s de la Secretar\u00eda de Familia, trabajan en el Programa Fortalecimiento Familiar, con el<\/p>\n","protected":false},"author":1,"featured_media":6403,"comment_status":"closed","ping_status":"closed","sticky":false,"template":"","format":"standard","meta":{"footnotes":"","jetpack_publicize_message":"","jetpack_publicize_feature_enabled":true,"jetpack_social_post_already_shared":true,"jetpack_social_options":{"image_generator_settings":{"template":"highway","enabled":false},"version":2}},"categories":[2],"tags":[],"class_list":["post-6402","post","type-post","status-publish","format-standard","has-post-thumbnail","hentry","category-locales"],"jetpack_publicize_connections":[],"_links":{"self":[{"href":"https:\/\/diariorepublica.com.ar\/web\/index.php\/wp-json\/wp\/v2\/posts\/6402"}],"collection":[{"href":"https:\/\/diariorepublica.com.ar\/web\/index.php\/wp-json\/wp\/v2\/posts"}],"about":[{"href":"https:\/\/diariorepublica.com.ar\/web\/index.php\/wp-json\/wp\/v2\/types\/post"}],"author":[{"embeddable":true,"href":"https:\/\/diariorepublica.com.ar\/web\/index.php\/wp-json\/wp\/v2\/users\/1"}],"replies":[{"embeddable":true,"href":"https:\/\/diariorepublica.com.ar\/web\/index.php\/wp-json\/wp\/v2\/comments?post=6402"}],"version-history":[{"count":1,"href":"https:\/\/diariorepublica.com.ar\/web\/index.php\/wp-json\/wp\/v2\/posts\/6402\/revisions"}],"predecessor-version":[{"id":6404,"href":"https:\/\/diariorepublica.com.ar\/web\/index.php\/wp-json\/wp\/v2\/posts\/6402\/revisions\/6404"}],"wp:featuredmedia":[{"embeddable":true,"href":"https:\/\/diariorepublica.com.ar\/web\/index.php\/wp-json\/wp\/v2\/media\/6403"}],"wp:attachment":[{"href":"https:\/\/diariorepublica.com.ar\/web\/index.php\/wp-json\/wp\/v2\/media?parent=6402"}],"wp:term":[{"taxonomy":"category","embeddable":true,"href":"https:\/\/diariorepublica.com.ar\/web\/index.php\/wp-json\/wp\/v2\/categories?post=6402"},{"taxonomy":"post_tag","embeddable":true,"href":"https:\/\/diariorepublica.com.ar\/web\/index.php\/wp-json\/wp\/v2\/tags?post=6402"}],"curies":[{"name":"wp","href":"https:\/\/api.w.org\/{rel}","templated":true}]}}