{"id":6408,"date":"2023-08-14T12:25:17","date_gmt":"2023-08-14T15:25:17","guid":{"rendered":"https:\/\/diariorepublica.com.ar\/web\/?p=6408"},"modified":"2023-08-14T12:25:21","modified_gmt":"2023-08-14T15:25:21","slug":"artistas-catamarquenas-inauguraron-una-muestra-colectiva-en-santiago-del-estero","status":"publish","type":"post","link":"https:\/\/diariorepublica.com.ar\/web\/index.php\/sociedad\/2023\/08\/14\/artistas-catamarquenas-inauguraron-una-muestra-colectiva-en-santiago-del-estero\/","title":{"rendered":"Artistas catamarque\u00f1as inauguraron una muestra colectiva en Santiago del Estero"},"content":{"rendered":"<p>El viernes 11 de agosto, en la ciudad de Santiago del Estero, qued\u00f3 inaugurada la muestra \u201cNado sincronizado en r\u00edo de monta\u00f1a\u201d, exposici\u00f3n colectiva de once artistas visuales catamarque\u00f1as que re\u00fane m\u00e1s de 50 obras entre dibujos, pinturas, collages, arte digital, arte textil, objetos y cer\u00e1mica.<\/p>\n<p>El grupo de artistas, integrado por Celina Galera, Marina Cubas, Carolina Paradela, Giselle Issetta, Rosana Barbosa, Almendra Acosta Galera, Alicia Toranzo, Marta Mart\u00ednez, Cristina Pernasetti ,Claudia Pucheta y Estela Moreno, conforman un diverso colectivo con obras de variadas est\u00e9ticas y formatos.<\/p>\n<p>Celina Galera, gestora del proyecto, destac\u00f3 la respuesta del p\u00fablico \u201cla gente que fue qued\u00f3 muy impresionada, media sorprendida por lo contempor\u00e1neo de la obra, que fue algo que estuvimos charlando en el conversatorio. Tambi\u00e9n les sorprend\u00eda la cantidad de t\u00e9cnicas diversas\u201d.<\/p>\n<p>\u201cEl balance fue absolutamente positivo, hay una motivaci\u00f3n, unas ganas de seguir produciendo y moverse, charlar con otros p\u00fablicos, contarle a la gente. Es muy importante, es muy valioso esto que sucedi\u00f3. Hemos hablado de nuestras obras, poniendo en discusi\u00f3n cosas y el v\u00ednculo con la gente fue muy hermoso y nos trataron maravillosamente bien\u201d, valor\u00f3 Galera.<\/p>\n<p>Las mujeres que conforman esta muestra vienen trabajando juntas y de manera independiente a lo largo de los a\u00f1os, en diferentes proyectos y acciones, que buscan activar y promover el arte de Catamarca, dentro y fuera de la provincia, con la intenci\u00f3n de hacer visible la importante y poco reconocida producci\u00f3n del campo profesional art\u00edstico visual; intentando impulsar nuevos circuitos y generando v\u00ednculos con otros artistas y p\u00fablicos, con el anhelo de un corredor regional y nacional fluido.<\/p>\n<p>El texto que invita a la muestra indica: \u201cAunque, entre piedra y piedra, lo que se exhibe resulte apenas, peque\u00f1os fragmentos de un cuerpo de obra cuyo volumen y gracia permanecen bajo la superficie, alcanza para coreografiar el panorama del circuito de la producci\u00f3n de obras visuales en Catamarca. Con este viaje, habilitamos el primer encuentro entre las ba\u00f1istas for\u00e1neas y el p\u00fablico santiague\u00f1o, esperando construir un canal abierto de nado ida y vuelta que ampl\u00ede la circulaci\u00f3n del arte entre provincias y nos permita profundizar el v\u00ednculo con las personas y las obras. Pasen a mojarse los pies o a zambullirse en las formas que refleja el agua\u201d.<\/p>\n<p>La muestra quedar\u00e1 exhibida hasta fin de mes en el espacio cultural \u201cCasa Arga\u00f1araz\u201d, dependiente de la municipalidad de la Capital de la provincia vecina, y se puede visitar de lunes a viernes, de 7.30 a 13 y de 16.30 a 22 horas.<\/p>\n","protected":false},"excerpt":{"rendered":"<p>El viernes 11 de agosto, en la ciudad de Santiago del Estero, qued\u00f3 inaugurada la muestra \u201cNado sincronizado en r\u00edo<\/p>\n","protected":false},"author":1,"featured_media":6409,"comment_status":"closed","ping_status":"closed","sticky":false,"template":"","format":"standard","meta":{"footnotes":"","jetpack_publicize_message":"","jetpack_publicize_feature_enabled":true,"jetpack_social_post_already_shared":true,"jetpack_social_options":{"image_generator_settings":{"template":"highway","enabled":false},"version":2}},"categories":[3],"tags":[],"class_list":["post-6408","post","type-post","status-publish","format-standard","has-post-thumbnail","hentry","category-sociedad"],"jetpack_publicize_connections":[],"_links":{"self":[{"href":"https:\/\/diariorepublica.com.ar\/web\/index.php\/wp-json\/wp\/v2\/posts\/6408"}],"collection":[{"href":"https:\/\/diariorepublica.com.ar\/web\/index.php\/wp-json\/wp\/v2\/posts"}],"about":[{"href":"https:\/\/diariorepublica.com.ar\/web\/index.php\/wp-json\/wp\/v2\/types\/post"}],"author":[{"embeddable":true,"href":"https:\/\/diariorepublica.com.ar\/web\/index.php\/wp-json\/wp\/v2\/users\/1"}],"replies":[{"embeddable":true,"href":"https:\/\/diariorepublica.com.ar\/web\/index.php\/wp-json\/wp\/v2\/comments?post=6408"}],"version-history":[{"count":1,"href":"https:\/\/diariorepublica.com.ar\/web\/index.php\/wp-json\/wp\/v2\/posts\/6408\/revisions"}],"predecessor-version":[{"id":6410,"href":"https:\/\/diariorepublica.com.ar\/web\/index.php\/wp-json\/wp\/v2\/posts\/6408\/revisions\/6410"}],"wp:featuredmedia":[{"embeddable":true,"href":"https:\/\/diariorepublica.com.ar\/web\/index.php\/wp-json\/wp\/v2\/media\/6409"}],"wp:attachment":[{"href":"https:\/\/diariorepublica.com.ar\/web\/index.php\/wp-json\/wp\/v2\/media?parent=6408"}],"wp:term":[{"taxonomy":"category","embeddable":true,"href":"https:\/\/diariorepublica.com.ar\/web\/index.php\/wp-json\/wp\/v2\/categories?post=6408"},{"taxonomy":"post_tag","embeddable":true,"href":"https:\/\/diariorepublica.com.ar\/web\/index.php\/wp-json\/wp\/v2\/tags?post=6408"}],"curies":[{"name":"wp","href":"https:\/\/api.w.org\/{rel}","templated":true}]}}