{"id":6427,"date":"2023-08-15T07:15:16","date_gmt":"2023-08-15T10:15:16","guid":{"rendered":"https:\/\/diariorepublica.com.ar\/web\/?p=6427"},"modified":"2023-08-15T07:15:19","modified_gmt":"2023-08-15T10:15:19","slug":"tejedoras-catamarquenas-participaran-de-la-16-feria-nacional-berazategui-artesanias","status":"publish","type":"post","link":"https:\/\/diariorepublica.com.ar\/web\/index.php\/sociedad\/2023\/08\/15\/tejedoras-catamarquenas-participaran-de-la-16-feria-nacional-berazategui-artesanias\/","title":{"rendered":"Tejedoras catamarque\u00f1as participar\u00e1n de la 16\u00b0 Feria Nacional Berazategui Artesan\u00edas"},"content":{"rendered":"<p>Catamarca estar\u00e1 presente en la 16\u00b0 Feria Nacional Berazategui Artesan\u00edas que se realizar\u00e1 desde este jueves 17 hasta el lunes 21 de agosto.<\/p>\n<p>Esta comprender\u00e1 el XVI Encuentro Nacional de Artesanos y la XXXI Feria de Maestros y Aprendices y se desarrollar\u00e1 en el Centro Municipal de Actividades Roberto De Vicenzo, con entrada gratuita.<\/p>\n<p>La cl\u00e1sica feria de Berazategui, que organiza la municipalidad local, contar\u00e1 con m\u00e1s de 200 stands y 500 artesanos de todo el pa\u00eds, entre los que estar\u00e1n presentes las artesanas catamarque\u00f1as, Guillermina Zarate y Andrea Aguilar de Fray Mamerto Esquiu y Ruth y Roxana Reinoso, de Bel\u00e9n, quienes participan en representaci\u00f3n de la Direcci\u00f3n Provincial de Artesan\u00edas del Ministerio de Cultura, Turismo y Deporte.<\/p>\n<p>Las artesanas catamarque\u00f1as estar\u00e1n trabajando en vivo, hilando fibra de vicu\u00f1a y de llama, y tejiendo en telar criollo.<\/p>\n<p>Adem\u00e1s, la feria, contar\u00e1 con la presencia de, joyeros, marroquineros, alfareros, plateros, talabarteros, cesteros, sogueros, artesanos en vidrio, jugueteros y cuchilleros, quienes lucir\u00e1n y pondr\u00e1n a la venta sus creaciones durante cinco d\u00edas consecutivos,<\/p>\n<p>Tambi\u00e9n, durante el tradicional evento, el p\u00fablico podr\u00e1 disfrutar de demostraciones en vivo de diferentes t\u00e9cnicas artesanales y textiles.<\/p>\n<p>Esta propuesta de la oferta cultural berazateguense es distinguida por el dise\u00f1o, la calidad y la originalidad de sus artesan\u00edas. La exposici\u00f3n fue declarada de Inter\u00e9s Provincial y Municipal, y obtuvo el Sello de Calidad \u201cDirectrices de gesti\u00f3n tur\u00edstica para ferias de artesan\u00edas\u201d entre 2015 y 2017.<\/p>\n","protected":false},"excerpt":{"rendered":"<p>Catamarca estar\u00e1 presente en la 16\u00b0 Feria Nacional Berazategui Artesan\u00edas que se realizar\u00e1 desde este jueves 17 hasta el lunes<\/p>\n","protected":false},"author":1,"featured_media":6428,"comment_status":"closed","ping_status":"closed","sticky":false,"template":"","format":"standard","meta":{"footnotes":"","jetpack_publicize_message":"","jetpack_publicize_feature_enabled":true,"jetpack_social_post_already_shared":true,"jetpack_social_options":{"image_generator_settings":{"template":"highway","enabled":false},"version":2}},"categories":[3],"tags":[],"class_list":["post-6427","post","type-post","status-publish","format-standard","has-post-thumbnail","hentry","category-sociedad"],"jetpack_publicize_connections":[],"_links":{"self":[{"href":"https:\/\/diariorepublica.com.ar\/web\/index.php\/wp-json\/wp\/v2\/posts\/6427"}],"collection":[{"href":"https:\/\/diariorepublica.com.ar\/web\/index.php\/wp-json\/wp\/v2\/posts"}],"about":[{"href":"https:\/\/diariorepublica.com.ar\/web\/index.php\/wp-json\/wp\/v2\/types\/post"}],"author":[{"embeddable":true,"href":"https:\/\/diariorepublica.com.ar\/web\/index.php\/wp-json\/wp\/v2\/users\/1"}],"replies":[{"embeddable":true,"href":"https:\/\/diariorepublica.com.ar\/web\/index.php\/wp-json\/wp\/v2\/comments?post=6427"}],"version-history":[{"count":1,"href":"https:\/\/diariorepublica.com.ar\/web\/index.php\/wp-json\/wp\/v2\/posts\/6427\/revisions"}],"predecessor-version":[{"id":6429,"href":"https:\/\/diariorepublica.com.ar\/web\/index.php\/wp-json\/wp\/v2\/posts\/6427\/revisions\/6429"}],"wp:featuredmedia":[{"embeddable":true,"href":"https:\/\/diariorepublica.com.ar\/web\/index.php\/wp-json\/wp\/v2\/media\/6428"}],"wp:attachment":[{"href":"https:\/\/diariorepublica.com.ar\/web\/index.php\/wp-json\/wp\/v2\/media?parent=6427"}],"wp:term":[{"taxonomy":"category","embeddable":true,"href":"https:\/\/diariorepublica.com.ar\/web\/index.php\/wp-json\/wp\/v2\/categories?post=6427"},{"taxonomy":"post_tag","embeddable":true,"href":"https:\/\/diariorepublica.com.ar\/web\/index.php\/wp-json\/wp\/v2\/tags?post=6427"}],"curies":[{"name":"wp","href":"https:\/\/api.w.org\/{rel}","templated":true}]}}