{"id":6457,"date":"2023-08-15T06:40:00","date_gmt":"2023-08-15T09:40:00","guid":{"rendered":"https:\/\/diariorepublica.com.ar\/web\/?p=6457"},"modified":"2023-08-15T07:42:02","modified_gmt":"2023-08-15T10:42:02","slug":"almendra-fue-presentado-en-racing-y-hubo-un-palito-para-boca","status":"publish","type":"post","link":"https:\/\/diariorepublica.com.ar\/web\/index.php\/deportes\/2023\/08\/15\/almendra-fue-presentado-en-racing-y-hubo-un-palito-para-boca\/","title":{"rendered":"Almendra fue presentado en Racing y hubo un palito para Boca"},"content":{"rendered":"<section class=\"detail-body first-paragraph\">\n<section id=\"note-body\" class=\"body-content note-body content-protected-false\" data-twitter-link=\"https:\/\/twitter.com\/intent\/tweet?url=https:\/\/www.minutouno.com\/c5795166&amp;v\u00eda=Ambitocom&amp;related=MinutoUno&amp;text=\">El mediocampista\u00a0<strong>Agust\u00edn Almendra<\/strong>, que tuvo varios entrenamientos junto al plantel de\u00a0<strong>Fernando Gago<\/strong>\u00a0y que prepara su debut ante\u00a0<strong>Uni\u00f3n\u00a0<\/strong>por la\u00a0<strong>Copa de la Liga<\/strong>, fue presentado oficialmente en las redes sociales y hubo una peque\u00f1a indirecta para\u00a0<strong>Boca<\/strong>.<\/p>\n<\/section>\n<\/section>\n<section class=\"detail-body second-paragraph\">\n<section class=\"body-content note-body content-protected-false\">Luego de las fotos con su nueva camiseta, la Academia public\u00f3 un video del futbolista de 23 a\u00f1os en el\u00a0<strong>estadio Cilindro de Avellaneda<\/strong>\u00a0donde parece ponerle picante tras su pol\u00e9mica salida del\u00a0<strong>Xeneize\u00a0<\/strong>que tard\u00f3 mucho tiempo:\u00a0<strong>\u00abAhora estoy en casa\u00bb<\/strong>, expres\u00f3 el reconocido hincha de\u00a0<strong>Racing<\/strong>.<\/p>\n<div id=\"embed74_wrap\" class=\"embed_cont type_freetext\" contenteditable=\"false\">\n<div id=\"embed74_content\" class=\"embed_content\">\n<div id=\"embed74_embed\">\n<div class=\"twitter-tweet twitter-tweet-rendered\"><iframe id=\"twitter-widget-0\" class=\"\" title=\"Twitter Tweet\" src=\"https:\/\/platform.twitter.com\/embed\/Tweet.html?creatorScreenName=minutounocom&amp;dnt=false&amp;embedId=twitter-widget-0&amp;features=eyJ0ZndfdGltZWxpbmVfbGlzdCI6eyJidWNrZXQiOltdLCJ2ZXJzaW9uIjpudWxsfSwidGZ3X2ZvbGxvd2VyX2NvdW50X3N1bnNldCI6eyJidWNrZXQiOnRydWUsInZlcnNpb24iOm51bGx9LCJ0ZndfdHdlZXRfZWRpdF9iYWNrZW5kIjp7ImJ1Y2tldCI6Im9uIiwidmVyc2lvbiI6bnVsbH0sInRmd19yZWZzcmNfc2Vzc2lvbiI6eyJidWNrZXQiOiJvbiIsInZlcnNpb24iOm51bGx9LCJ0ZndfZm9zbnJfc29mdF9pbnRlcnZlbnRpb25zX2VuYWJsZWQiOnsiYnVja2V0Ijoib24iLCJ2ZXJzaW9uIjpudWxsfSwidGZ3X21peGVkX21lZGlhXzE1ODk3Ijp7ImJ1Y2tldCI6InRyZWF0bWVudCIsInZlcnNpb24iOm51bGx9LCJ0ZndfZXhwZXJpbWVudHNfY29va2llX2V4cGlyYXRpb24iOnsiYnVja2V0IjoxMjA5NjAwLCJ2ZXJzaW9uIjpudWxsfSwidGZ3X3Nob3dfYmlyZHdhdGNoX3Bpdm90c19lbmFibGVkIjp7ImJ1Y2tldCI6Im9uIiwidmVyc2lvbiI6bnVsbH0sInRmd19kdXBsaWNhdGVfc2NyaWJlc190b19zZXR0aW5ncyI6eyJidWNrZXQiOiJvbiIsInZlcnNpb24iOm51bGx9LCJ0ZndfdXNlX3Byb2ZpbGVfaW1hZ2Vfc2hhcGVfZW5hYmxlZCI6eyJidWNrZXQiOiJvbiIsInZlcnNpb24iOm51bGx9LCJ0ZndfdmlkZW9faGxzX2R5bmFtaWNfbWFuaWZlc3RzXzE1MDgyIjp7ImJ1Y2tldCI6InRydWVfYml0cmF0ZSIsInZlcnNpb24iOm51bGx9LCJ0ZndfbGVnYWN5X3RpbWVsaW5lX3N1bnNldCI6eyJidWNrZXQiOnRydWUsInZlcnNpb24iOm51bGx9LCJ0ZndfdHdlZXRfZWRpdF9mcm9udGVuZCI6eyJidWNrZXQiOiJvbiIsInZlcnNpb24iOm51bGx9fQ%3D%3D&amp;frame=false&amp;hideCard=false&amp;hideThread=false&amp;id=1691132579041234944&amp;lang=es&amp;origin=https%3A%2F%2Fwww.minutouno.com%2Fdeportes%2Falmendra%2Ffue-presentado-racing-y-hubo-un-palito-boca-ahora-estoy-n5795166&amp;sessionId=1cbaab43cf53ce89ce30e749d23b98d14cbb95ca&amp;siteScreenName=minutounocom&amp;theme=light&amp;widgetsVersion=aaf4084522e3a%3A1674595607486&amp;width=550px\" frameborder=\"0\" scrolling=\"no\" allowfullscreen=\"allowfullscreen\" data-tweet-id=\"1691132579041234944\" data-mce-fragment=\"1\"><\/iframe><\/div>\n<\/div>\n<\/div>\n<\/div>\n<p>Su salida de\u00a0<strong>Boca\u00a0<\/strong>estuvo envuelta en el caos luego de una fuerte pelea con\u00a0<strong>Sebasti\u00e1n Battaglia<\/strong>\u00a0y un tironeo constante por no renovar su contrato con la instituci\u00f3n que lo termin\u00f3 alejando del plantel y las canchas. Por esta raz\u00f3n, el volante no estuvo en los octavos de final de la\u00a0<strong>Copa Libertadores<\/strong>\u00a0ya que el Xeneize\u00a0no envi\u00f3 la documentaci\u00f3n a tiempo<\/p>\n<\/section>\n<\/section>\n","protected":false},"excerpt":{"rendered":"<p>El mediocampista\u00a0Agust\u00edn Almendra, que tuvo varios entrenamientos junto al plantel de\u00a0Fernando Gago\u00a0y que prepara su debut ante\u00a0Uni\u00f3n\u00a0por la\u00a0Copa de la<\/p>\n","protected":false},"author":1,"featured_media":6458,"comment_status":"closed","ping_status":"closed","sticky":false,"template":"","format":"standard","meta":{"footnotes":"","jetpack_publicize_message":"","jetpack_publicize_feature_enabled":true,"jetpack_social_post_already_shared":true,"jetpack_social_options":{"image_generator_settings":{"template":"highway","enabled":false},"version":2}},"categories":[9],"tags":[],"class_list":["post-6457","post","type-post","status-publish","format-standard","has-post-thumbnail","hentry","category-deportes"],"jetpack_publicize_connections":[],"_links":{"self":[{"href":"https:\/\/diariorepublica.com.ar\/web\/index.php\/wp-json\/wp\/v2\/posts\/6457"}],"collection":[{"href":"https:\/\/diariorepublica.com.ar\/web\/index.php\/wp-json\/wp\/v2\/posts"}],"about":[{"href":"https:\/\/diariorepublica.com.ar\/web\/index.php\/wp-json\/wp\/v2\/types\/post"}],"author":[{"embeddable":true,"href":"https:\/\/diariorepublica.com.ar\/web\/index.php\/wp-json\/wp\/v2\/users\/1"}],"replies":[{"embeddable":true,"href":"https:\/\/diariorepublica.com.ar\/web\/index.php\/wp-json\/wp\/v2\/comments?post=6457"}],"version-history":[{"count":1,"href":"https:\/\/diariorepublica.com.ar\/web\/index.php\/wp-json\/wp\/v2\/posts\/6457\/revisions"}],"predecessor-version":[{"id":6459,"href":"https:\/\/diariorepublica.com.ar\/web\/index.php\/wp-json\/wp\/v2\/posts\/6457\/revisions\/6459"}],"wp:featuredmedia":[{"embeddable":true,"href":"https:\/\/diariorepublica.com.ar\/web\/index.php\/wp-json\/wp\/v2\/media\/6458"}],"wp:attachment":[{"href":"https:\/\/diariorepublica.com.ar\/web\/index.php\/wp-json\/wp\/v2\/media?parent=6457"}],"wp:term":[{"taxonomy":"category","embeddable":true,"href":"https:\/\/diariorepublica.com.ar\/web\/index.php\/wp-json\/wp\/v2\/categories?post=6457"},{"taxonomy":"post_tag","embeddable":true,"href":"https:\/\/diariorepublica.com.ar\/web\/index.php\/wp-json\/wp\/v2\/tags?post=6457"}],"curies":[{"name":"wp","href":"https:\/\/api.w.org\/{rel}","templated":true}]}}