{"id":6469,"date":"2023-08-15T11:43:25","date_gmt":"2023-08-15T14:43:25","guid":{"rendered":"https:\/\/diariorepublica.com.ar\/web\/?p=6469"},"modified":"2023-08-15T11:43:27","modified_gmt":"2023-08-15T14:43:27","slug":"el-gobierno-admitio-que-la-devaluacion-fue-un-pedido-del-fmi","status":"publish","type":"post","link":"https:\/\/diariorepublica.com.ar\/web\/index.php\/economia\/2023\/08\/15\/el-gobierno-admitio-que-la-devaluacion-fue-un-pedido-del-fmi\/","title":{"rendered":"El Gobierno admiti\u00f3 que la devaluaci\u00f3n fue un pedido del FMI"},"content":{"rendered":"<p><strong>El Gobierno admiti\u00f3 hoy que la devaluaci\u00f3n fue \u201cun pedido\u201d del Fondo Monetario Internacional (FMI)<\/strong>\u00a0para aprobar la renegociaci\u00f3n del acuerdo y aprobar un desembolso de US$7.500 millones.<\/p>\n<p><strong>\u201cHab\u00eda un pedido del Fondo, que lo conocemos todos\u201d,<\/strong>\u00a0reconoci\u00f3 el secretario de Industria, Jos\u00e9 Ignacio De Mendiguren, pero al mismo tiempo se quej\u00f3 porque\u00a0<strong>\u201ctodos estaban reclamando a los gritos la devaluaci\u00f3n y por qu\u00e9 el gobierno no se encargaba y no lo hac\u00eda\u201d.<\/strong><\/p>\n<p>En declaraciones a Radio Cadena 3 de Rosario, el funcionario se\u00f1al\u00f3 que se realiz\u00f3 luego de las elecciones porque fue la conclusi\u00f3n del proceso de negociaci\u00f3n con el FMI.<\/p>\n<p><strong>\u201cLa decisi\u00f3n de la devaluaci\u00f3n era un tema, que una vez pasadas las elecciones y resueltos los desembolsos del FMI y habiendo cuidado las reservas, se hizo todo eso y se ajust\u00f3 22%\u201d,<\/strong>\u00a0agreg\u00f3 el secretario.<\/p>\n<p>De Mendiguren subray\u00f3 que \u201cse esper\u00f3 despu\u00e9s de las elecciones porque estaba pendiente la negociaci\u00f3n del FMI y se resolvi\u00f3 despu\u00e9s de la elecci\u00f3n\u201d.<\/p>\n<p>El funcionario se\u00f1al\u00f3 que era un pedido que \u201ctodos la conoc\u00edamos\u201d y subray\u00f3 que la oposici\u00f3n \u201cven\u00eda reclamando desde agosto del a\u00f1o pasado una devaluaci\u00f3n brusca\u201d.<\/p>\n<p>De Mendiguren justific\u00f3 la decisi\u00f3n a partir del impacto de la sequ\u00eda que le rest\u00f3 al pa\u00eds US$ 22.000 millones que se tradujo en un menor nivel de actividad en todo el sector agr\u00edcola.<\/p>\n<p><strong>\u201cHay que ser realista y poner el escenario sobre la mesa\u201d<\/strong>\u00a0para analizar la medida, reclam\u00f3 De Mendiguren.<\/p>\n<p>\u201cSergio Massa ha intentado evitarla. Hemos tratado de evitarla intentando por todos los medios incluso ante la ca\u00edda de U$S 22 mil millones de ingresos\u201d, destac\u00f3.<\/p>\n<p>De Mendiguren afirm\u00f3 que Massa \u201cbusc\u00f3 evitar ese camino y con el FMI negociar todo pero sin afectar el crecimiento ni la ca\u00edda del desempleo. Son dos cosas que se han logrado bien\u201d.<\/p>\n<p>El secretario asegur\u00f3 que las pr\u00f3ximas acciones de gobierno ir\u00e1n en l\u00ednea para sostener el nivel de actividad porque \u201cno estamos dispuestos en las negociaciones a sacrificar eso\u201d.<\/p>\n<p>Adem\u00e1s se plante\u00f3 entre los objetivos \u201crecuperar el poder adquisitivo del salario\u201d.<\/p>\n<p>\u201cTengamos claro que no hay salida de esta situaci\u00f3n sin crecimiento econ\u00f3mico. Hay quien cree que primero hay que ajustar y achicar y nosotros sabemos que si aplicamos \u00a0eso, cae el nivel de actividad, cae el nivel de empleo, la producci\u00f3n y la recaudaci\u00f3n y nunca se llega al equilibrio. Esa experiencia ya la vivimos muchas veces\u201d, agreg\u00f3.<\/p>\n<p>De Mendiguren recalc\u00f3 que Argentina \u201cest\u00e1 en la v\u00edspera de un ciclo econ\u00f3mico muy virtuoso\u201d.<\/p>\n<p>Acerca de las elecciones destac\u00f3 que Massa, estando al frente de la conducci\u00f3n econ\u00f3mica, est\u00e1 virtualmente en un empate t\u00e9cnico con las otras fuerzas que disputan la presidencia.<\/p>\n<p>Fuente: NA<\/p>\n","protected":false},"excerpt":{"rendered":"<p>El Gobierno admiti\u00f3 hoy que la devaluaci\u00f3n fue \u201cun pedido\u201d del Fondo Monetario Internacional (FMI)\u00a0para aprobar la renegociaci\u00f3n del acuerdo<\/p>\n","protected":false},"author":1,"featured_media":6470,"comment_status":"closed","ping_status":"closed","sticky":false,"template":"","format":"standard","meta":{"footnotes":"","jetpack_publicize_message":"","jetpack_publicize_feature_enabled":true,"jetpack_social_post_already_shared":true,"jetpack_social_options":{"image_generator_settings":{"template":"highway","enabled":false},"version":2}},"categories":[5],"tags":[],"class_list":["post-6469","post","type-post","status-publish","format-standard","has-post-thumbnail","hentry","category-economia"],"jetpack_publicize_connections":[],"_links":{"self":[{"href":"https:\/\/diariorepublica.com.ar\/web\/index.php\/wp-json\/wp\/v2\/posts\/6469"}],"collection":[{"href":"https:\/\/diariorepublica.com.ar\/web\/index.php\/wp-json\/wp\/v2\/posts"}],"about":[{"href":"https:\/\/diariorepublica.com.ar\/web\/index.php\/wp-json\/wp\/v2\/types\/post"}],"author":[{"embeddable":true,"href":"https:\/\/diariorepublica.com.ar\/web\/index.php\/wp-json\/wp\/v2\/users\/1"}],"replies":[{"embeddable":true,"href":"https:\/\/diariorepublica.com.ar\/web\/index.php\/wp-json\/wp\/v2\/comments?post=6469"}],"version-history":[{"count":1,"href":"https:\/\/diariorepublica.com.ar\/web\/index.php\/wp-json\/wp\/v2\/posts\/6469\/revisions"}],"predecessor-version":[{"id":6471,"href":"https:\/\/diariorepublica.com.ar\/web\/index.php\/wp-json\/wp\/v2\/posts\/6469\/revisions\/6471"}],"wp:featuredmedia":[{"embeddable":true,"href":"https:\/\/diariorepublica.com.ar\/web\/index.php\/wp-json\/wp\/v2\/media\/6470"}],"wp:attachment":[{"href":"https:\/\/diariorepublica.com.ar\/web\/index.php\/wp-json\/wp\/v2\/media?parent=6469"}],"wp:term":[{"taxonomy":"category","embeddable":true,"href":"https:\/\/diariorepublica.com.ar\/web\/index.php\/wp-json\/wp\/v2\/categories?post=6469"},{"taxonomy":"post_tag","embeddable":true,"href":"https:\/\/diariorepublica.com.ar\/web\/index.php\/wp-json\/wp\/v2\/tags?post=6469"}],"curies":[{"name":"wp","href":"https:\/\/api.w.org\/{rel}","templated":true}]}}