{"id":6502,"date":"2023-08-16T11:21:11","date_gmt":"2023-08-16T14:21:11","guid":{"rendered":"https:\/\/diariorepublica.com.ar\/web\/?p=6502"},"modified":"2023-08-16T11:21:15","modified_gmt":"2023-08-16T14:21:15","slug":"los-remedios-aumentaron-hasta-un-25","status":"publish","type":"post","link":"https:\/\/diariorepublica.com.ar\/web\/index.php\/economia\/2023\/08\/16\/los-remedios-aumentaron-hasta-un-25\/","title":{"rendered":"Los remedios aumentaron hasta un 25%"},"content":{"rendered":"<p>La primera medida que tom\u00f3 el Gobierno Nacional tras los resultados de las elecciones PASO fue la devaluaci\u00f3n del tipo de cambio oficial que provoc\u00f3 la suba del d\u00f3lar a $365,50<\/p>\n<p>Debido a la devaluaci\u00f3n, numerosos rubros se vieron afectados, como los combustibles y servicios, y\u00a0la suspensi\u00f3n de venta de autos en el pa\u00eds por la especulaci\u00f3n de precios y los an\u00e1lisis de los productos de consumo alimenticio.<\/p>\n<p>Otro de los rubros que fueron perjudicados fue el de los medicamentos que registr\u00f3 un aumento entre un 20% y 25% en los laboratorios nacionales e importados.<\/p>\n<p>Si bien las subas todav\u00eda no alcanzaron a la mayor\u00eda de los productos, aseguran que incrementar\u00e1n su costo en los pr\u00f3ximos d\u00edas.<\/p>\n<p>Desde las farmacias se\u00f1alan que los clientes esperaban aumentos por la decisi\u00f3n del Gobierno Nacional y aseguraron que\u00a0por ahora no hay faltantes.<\/p>\n","protected":false},"excerpt":{"rendered":"<p>La primera medida que tom\u00f3 el Gobierno Nacional tras los resultados de las elecciones PASO fue la devaluaci\u00f3n del tipo<\/p>\n","protected":false},"author":1,"featured_media":6503,"comment_status":"closed","ping_status":"closed","sticky":false,"template":"","format":"standard","meta":{"footnotes":"","jetpack_publicize_message":"","jetpack_publicize_feature_enabled":true,"jetpack_social_post_already_shared":true,"jetpack_social_options":{"image_generator_settings":{"template":"highway","enabled":false},"version":2}},"categories":[5],"tags":[],"class_list":["post-6502","post","type-post","status-publish","format-standard","has-post-thumbnail","hentry","category-economia"],"jetpack_publicize_connections":[],"_links":{"self":[{"href":"https:\/\/diariorepublica.com.ar\/web\/index.php\/wp-json\/wp\/v2\/posts\/6502"}],"collection":[{"href":"https:\/\/diariorepublica.com.ar\/web\/index.php\/wp-json\/wp\/v2\/posts"}],"about":[{"href":"https:\/\/diariorepublica.com.ar\/web\/index.php\/wp-json\/wp\/v2\/types\/post"}],"author":[{"embeddable":true,"href":"https:\/\/diariorepublica.com.ar\/web\/index.php\/wp-json\/wp\/v2\/users\/1"}],"replies":[{"embeddable":true,"href":"https:\/\/diariorepublica.com.ar\/web\/index.php\/wp-json\/wp\/v2\/comments?post=6502"}],"version-history":[{"count":1,"href":"https:\/\/diariorepublica.com.ar\/web\/index.php\/wp-json\/wp\/v2\/posts\/6502\/revisions"}],"predecessor-version":[{"id":6504,"href":"https:\/\/diariorepublica.com.ar\/web\/index.php\/wp-json\/wp\/v2\/posts\/6502\/revisions\/6504"}],"wp:featuredmedia":[{"embeddable":true,"href":"https:\/\/diariorepublica.com.ar\/web\/index.php\/wp-json\/wp\/v2\/media\/6503"}],"wp:attachment":[{"href":"https:\/\/diariorepublica.com.ar\/web\/index.php\/wp-json\/wp\/v2\/media?parent=6502"}],"wp:term":[{"taxonomy":"category","embeddable":true,"href":"https:\/\/diariorepublica.com.ar\/web\/index.php\/wp-json\/wp\/v2\/categories?post=6502"},{"taxonomy":"post_tag","embeddable":true,"href":"https:\/\/diariorepublica.com.ar\/web\/index.php\/wp-json\/wp\/v2\/tags?post=6502"}],"curies":[{"name":"wp","href":"https:\/\/api.w.org\/{rel}","templated":true}]}}