{"id":6512,"date":"2023-08-17T07:26:52","date_gmt":"2023-08-17T10:26:52","guid":{"rendered":"https:\/\/diariorepublica.com.ar\/web\/?p=6512"},"modified":"2023-08-17T07:26:55","modified_gmt":"2023-08-17T10:26:55","slug":"no-sabemos-a-que-precios-vender","status":"publish","type":"post","link":"https:\/\/diariorepublica.com.ar\/web\/index.php\/sociedad\/2023\/08\/17\/no-sabemos-a-que-precios-vender\/","title":{"rendered":"\u00abNo sabemos a que precios vender\u00bb"},"content":{"rendered":"<p>La situaci\u00f3n econ\u00f3mica marcada por el precio del d\u00f3lar respecto al peso argentino, genera incertidumbre por parte de los consumidores, pero tambi\u00e9n entre los empresarios, comerciantes y proveedores, que en algunos casos deciden no comercializar sus productos<\/p>\n<p>Esta situaci\u00f3n fue analizada en dialogo con FM REPUBLICA 103.1, por el presidente de la Uni\u00f3n Comercial de Catamarca (UCC), Sebasti\u00e1n Luna Guzm\u00e1n, quien en primer t\u00e9rmino sostuvo que la situaci\u00f3n actual est\u00e1 marcada por un \u201cpanorama dif\u00edcil\u201d, al tiempo que plante\u00f3 que \u201cla realidad es que no hay precios de referencia, no sabemos a qu\u00e9 precio vender para despu\u00e9s poder reponer esa mercader\u00eda\u201d.<\/p>\n<p>Ejemplific\u00f3 esta situaci\u00f3n al se\u00f1alar que hay comercios que ya ofrec\u00edan un producto a un precio para obtener un margen de ganancia, pero para reponerlo ya estaba a ese mismo precio, por lo que no ten\u00edan ganancia. Seguidamente dijo que \u201cno todos pueden darse el lujo de cerrar, esto es una realidad\u201d. \u201cHay comercios, los m\u00e1s chicos, que viven el d\u00eda a d\u00eda\u201d.<\/p>\n<p>Luna Guzm\u00e1n manifest\u00f3 que el comerciante \u201cno sabe, de un lado o del otro, si est\u00e1 vendido mal o vendiendo bien\u201d. \u201cDe la gran mayor\u00eda de los proveedores, voy a hablar por mi sector, ninguno estaba vendiendo ni reponiendo productos\u201d.<\/p>\n<p>Asimismo, el titular de la UCC dijo que mantuvo comunicaci\u00f3n con comerciantes de diferentes rubros, quienes dieron cuenta de los incrementos. Por ejemplo, en cosm\u00e9tica aument\u00f3 un 25%, pero \u201cnos sorprendi\u00f3 el tema alimenticio, que hab\u00eda estado en torno al 20%\u201d.<\/p>\n<p>Luego, Luna Guzm\u00e1n plante\u00f3 que la problem\u00e1tica actual es la desconfianza, dado que no se sabe qu\u00e9 pasar\u00e1 en el futuro y hay empresas formadoras de precios que han puesto un tope por encima de lo que podr\u00edan aumentar porque no saben lo que va a pasar.<\/p>\n<p>Ante esta situaci\u00f3n, el presidente de la UCC vaticin\u00f3 que \u201cen estos d\u00edas se ir\u00e1 tranquilizando\u201d la situaci\u00f3n si es que el pa\u00eds llega a un acuerdo con el FMI, aunque coment\u00f3 que \u201cahora los precios no van a bajar, esto est\u00e1 m\u00e1s que claro\u201d<\/p>\n","protected":false},"excerpt":{"rendered":"<p>La situaci\u00f3n econ\u00f3mica marcada por el precio del d\u00f3lar respecto al peso argentino, genera incertidumbre por parte de los consumidores,<\/p>\n","protected":false},"author":2,"featured_media":6513,"comment_status":"closed","ping_status":"closed","sticky":false,"template":"","format":"standard","meta":{"footnotes":"","jetpack_publicize_message":"","jetpack_publicize_feature_enabled":true,"jetpack_social_post_already_shared":true,"jetpack_social_options":{"image_generator_settings":{"template":"highway","enabled":false},"version":2}},"categories":[3],"tags":[],"class_list":["post-6512","post","type-post","status-publish","format-standard","has-post-thumbnail","hentry","category-sociedad"],"jetpack_publicize_connections":[],"_links":{"self":[{"href":"https:\/\/diariorepublica.com.ar\/web\/index.php\/wp-json\/wp\/v2\/posts\/6512"}],"collection":[{"href":"https:\/\/diariorepublica.com.ar\/web\/index.php\/wp-json\/wp\/v2\/posts"}],"about":[{"href":"https:\/\/diariorepublica.com.ar\/web\/index.php\/wp-json\/wp\/v2\/types\/post"}],"author":[{"embeddable":true,"href":"https:\/\/diariorepublica.com.ar\/web\/index.php\/wp-json\/wp\/v2\/users\/2"}],"replies":[{"embeddable":true,"href":"https:\/\/diariorepublica.com.ar\/web\/index.php\/wp-json\/wp\/v2\/comments?post=6512"}],"version-history":[{"count":1,"href":"https:\/\/diariorepublica.com.ar\/web\/index.php\/wp-json\/wp\/v2\/posts\/6512\/revisions"}],"predecessor-version":[{"id":6514,"href":"https:\/\/diariorepublica.com.ar\/web\/index.php\/wp-json\/wp\/v2\/posts\/6512\/revisions\/6514"}],"wp:featuredmedia":[{"embeddable":true,"href":"https:\/\/diariorepublica.com.ar\/web\/index.php\/wp-json\/wp\/v2\/media\/6513"}],"wp:attachment":[{"href":"https:\/\/diariorepublica.com.ar\/web\/index.php\/wp-json\/wp\/v2\/media?parent=6512"}],"wp:term":[{"taxonomy":"category","embeddable":true,"href":"https:\/\/diariorepublica.com.ar\/web\/index.php\/wp-json\/wp\/v2\/categories?post=6512"},{"taxonomy":"post_tag","embeddable":true,"href":"https:\/\/diariorepublica.com.ar\/web\/index.php\/wp-json\/wp\/v2\/tags?post=6512"}],"curies":[{"name":"wp","href":"https:\/\/api.w.org\/{rel}","templated":true}]}}