{"id":6515,"date":"2023-08-17T07:31:05","date_gmt":"2023-08-17T10:31:05","guid":{"rendered":"https:\/\/diariorepublica.com.ar\/web\/?p=6515"},"modified":"2023-08-17T07:31:07","modified_gmt":"2023-08-17T10:31:07","slug":"juntos-por-el-cambio-debe-replantear-la-estrategia","status":"publish","type":"post","link":"https:\/\/diariorepublica.com.ar\/web\/index.php\/politica\/2023\/08\/17\/juntos-por-el-cambio-debe-replantear-la-estrategia\/","title":{"rendered":"Juntos por el Cambio \u00abdebe replantear la estrategia\u00bb"},"content":{"rendered":"<p>El intendente de Andalgal\u00e1 y candidato a la reelecci\u00f3n, Eduardo C\u00f3rdoba (JPC), valor\u00f3 el triunfo de su sector en las elecciones municipales, pero asegur\u00f3 que el resultado obtenido a nivel provincial y nacional \u201cnos dej\u00f3 dolidos\u201d. \u201cEn JPC debemos hacer autocr\u00edtica y replantear la estrategia, sumar a nuevos actores.<\/p>\n<p>El intendente puso el foco sobre la cantidad de votos en blanco que se registraron, que sumados al ausentismo hablan de que casi la mitad del padr\u00f3n se abstuvo de decidir en las primarias. \u201cCreo que los partidos pol\u00edticos deber\u00e1n movilizar a\u00fan m\u00e1s, deber\u00e1n replantear las ideas. Creo que el pueblo est\u00e1 necesitando ganar en confianza y esperanza, dejar de lado esa tradici\u00f3n de hacer pol\u00edtica que nada tiene que ver con los intereses del pueblo. Camino a octubre vamos a tener que generar m\u00e1s y mejores canales de di\u00e1logo. En este sentido, desde JPC tendremos que replantear tambi\u00e9n nuestra manera. Algo no hemos hecho bien\u201d<\/p>\n<p>\u201cHabr\u00e1 que tener la suficiente madurez y capacidad para poder hacer una propuesta pol\u00edtica de cara octubre que enamore o seduzca a ese electorado que no ha ido a votar y ese gran porcentaje que ha votado en blanco. Vamos a sentarnos a convocar a quienes nos enfrentaron en la interna y a otros actores pol\u00edticos para mejorar\u201d<\/p>\n","protected":false},"excerpt":{"rendered":"<p>El intendente de Andalgal\u00e1 y candidato a la reelecci\u00f3n, Eduardo C\u00f3rdoba (JPC), valor\u00f3 el triunfo de su sector en las<\/p>\n","protected":false},"author":2,"featured_media":6516,"comment_status":"closed","ping_status":"closed","sticky":false,"template":"","format":"standard","meta":{"footnotes":"","jetpack_publicize_message":"","jetpack_publicize_feature_enabled":true,"jetpack_social_post_already_shared":true,"jetpack_social_options":{"image_generator_settings":{"template":"highway","enabled":false},"version":2}},"categories":[12],"tags":[],"class_list":["post-6515","post","type-post","status-publish","format-standard","has-post-thumbnail","hentry","category-politica"],"jetpack_publicize_connections":[],"_links":{"self":[{"href":"https:\/\/diariorepublica.com.ar\/web\/index.php\/wp-json\/wp\/v2\/posts\/6515"}],"collection":[{"href":"https:\/\/diariorepublica.com.ar\/web\/index.php\/wp-json\/wp\/v2\/posts"}],"about":[{"href":"https:\/\/diariorepublica.com.ar\/web\/index.php\/wp-json\/wp\/v2\/types\/post"}],"author":[{"embeddable":true,"href":"https:\/\/diariorepublica.com.ar\/web\/index.php\/wp-json\/wp\/v2\/users\/2"}],"replies":[{"embeddable":true,"href":"https:\/\/diariorepublica.com.ar\/web\/index.php\/wp-json\/wp\/v2\/comments?post=6515"}],"version-history":[{"count":1,"href":"https:\/\/diariorepublica.com.ar\/web\/index.php\/wp-json\/wp\/v2\/posts\/6515\/revisions"}],"predecessor-version":[{"id":6517,"href":"https:\/\/diariorepublica.com.ar\/web\/index.php\/wp-json\/wp\/v2\/posts\/6515\/revisions\/6517"}],"wp:featuredmedia":[{"embeddable":true,"href":"https:\/\/diariorepublica.com.ar\/web\/index.php\/wp-json\/wp\/v2\/media\/6516"}],"wp:attachment":[{"href":"https:\/\/diariorepublica.com.ar\/web\/index.php\/wp-json\/wp\/v2\/media?parent=6515"}],"wp:term":[{"taxonomy":"category","embeddable":true,"href":"https:\/\/diariorepublica.com.ar\/web\/index.php\/wp-json\/wp\/v2\/categories?post=6515"},{"taxonomy":"post_tag","embeddable":true,"href":"https:\/\/diariorepublica.com.ar\/web\/index.php\/wp-json\/wp\/v2\/tags?post=6515"}],"curies":[{"name":"wp","href":"https:\/\/api.w.org\/{rel}","templated":true}]}}