{"id":6518,"date":"2023-08-17T07:36:26","date_gmt":"2023-08-17T10:36:26","guid":{"rendered":"https:\/\/diariorepublica.com.ar\/web\/?p=6518"},"modified":"2023-08-17T07:36:30","modified_gmt":"2023-08-17T10:36:30","slug":"preocupacion-por-el-avance-de-milei-en-catamarca","status":"publish","type":"post","link":"https:\/\/diariorepublica.com.ar\/web\/index.php\/politica\/2023\/08\/17\/preocupacion-por-el-avance-de-milei-en-catamarca\/","title":{"rendered":"Preocupaci\u00f3n por el avance de Milei en Catamarca"},"content":{"rendered":"<p>La legisladora Paola Fedeli, que encabeza la lista de diputados provinciales de Uni\u00f3n por la Patria, hizo un an\u00e1lisis sobre el escenario pol\u00edtico post PASO, y expres\u00f3 sus inquietudes respecto de algunas de las propuestas de Javier Milei, el candidato individual m\u00e1s votado en las elecciones primarias.<\/p>\n<p>La diputada provincial cuestion\u00f3 las propuestas del candidato a presidente de La Libertad Avanza y, en particular \u00abno son para toda la gente\u00bb. Para Fedeli, \u00abque Milei sea la segunda fuerza en Catamarca es preocupante\u00bb.<\/p>\n<p>En ese sentido, llam\u00f3 a Juntos por el Cambio a \u00abhacer un llamado a la conciencia y ver c\u00f3mo trabajan para octubre\u00bb para revertir los n\u00fameros y posicionarse por delante del partido libertario.<\/p>\n<p>Consultada por la amplia victoria de Uni\u00f3n por la Patria, afirm\u00f3 que \u00aba nivel municipal y provincial fue una muy buena elecci\u00f3n. Los n\u00fameros superaron las expectativas, pero no nos sorprende porque est\u00e1bamos convencidos de que la gente nos iba a seguir eligiendo. Eligieron la gesti\u00f3n de Ra\u00fal Jalil y Gustavo Saadi\u00bb<\/p>\n","protected":false},"excerpt":{"rendered":"<p>La legisladora Paola Fedeli, que encabeza la lista de diputados provinciales de Uni\u00f3n por la Patria, hizo un an\u00e1lisis sobre<\/p>\n","protected":false},"author":2,"featured_media":6519,"comment_status":"closed","ping_status":"closed","sticky":false,"template":"","format":"standard","meta":{"footnotes":"","jetpack_publicize_message":"","jetpack_publicize_feature_enabled":true,"jetpack_social_post_already_shared":true,"jetpack_social_options":{"image_generator_settings":{"template":"highway","enabled":false},"version":2}},"categories":[12],"tags":[],"class_list":["post-6518","post","type-post","status-publish","format-standard","has-post-thumbnail","hentry","category-politica"],"jetpack_publicize_connections":[],"_links":{"self":[{"href":"https:\/\/diariorepublica.com.ar\/web\/index.php\/wp-json\/wp\/v2\/posts\/6518"}],"collection":[{"href":"https:\/\/diariorepublica.com.ar\/web\/index.php\/wp-json\/wp\/v2\/posts"}],"about":[{"href":"https:\/\/diariorepublica.com.ar\/web\/index.php\/wp-json\/wp\/v2\/types\/post"}],"author":[{"embeddable":true,"href":"https:\/\/diariorepublica.com.ar\/web\/index.php\/wp-json\/wp\/v2\/users\/2"}],"replies":[{"embeddable":true,"href":"https:\/\/diariorepublica.com.ar\/web\/index.php\/wp-json\/wp\/v2\/comments?post=6518"}],"version-history":[{"count":1,"href":"https:\/\/diariorepublica.com.ar\/web\/index.php\/wp-json\/wp\/v2\/posts\/6518\/revisions"}],"predecessor-version":[{"id":6520,"href":"https:\/\/diariorepublica.com.ar\/web\/index.php\/wp-json\/wp\/v2\/posts\/6518\/revisions\/6520"}],"wp:featuredmedia":[{"embeddable":true,"href":"https:\/\/diariorepublica.com.ar\/web\/index.php\/wp-json\/wp\/v2\/media\/6519"}],"wp:attachment":[{"href":"https:\/\/diariorepublica.com.ar\/web\/index.php\/wp-json\/wp\/v2\/media?parent=6518"}],"wp:term":[{"taxonomy":"category","embeddable":true,"href":"https:\/\/diariorepublica.com.ar\/web\/index.php\/wp-json\/wp\/v2\/categories?post=6518"},{"taxonomy":"post_tag","embeddable":true,"href":"https:\/\/diariorepublica.com.ar\/web\/index.php\/wp-json\/wp\/v2\/tags?post=6518"}],"curies":[{"name":"wp","href":"https:\/\/api.w.org\/{rel}","templated":true}]}}