{"id":6521,"date":"2023-08-17T07:39:25","date_gmt":"2023-08-17T10:39:25","guid":{"rendered":"https:\/\/diariorepublica.com.ar\/web\/?p=6521"},"modified":"2023-08-17T07:39:26","modified_gmt":"2023-08-17T10:39:26","slug":"funcionarios-y-empleados-violentos-podrian-ser-expulsados-de-la-administracion-publica","status":"publish","type":"post","link":"https:\/\/diariorepublica.com.ar\/web\/index.php\/politica\/2023\/08\/17\/funcionarios-y-empleados-violentos-podrian-ser-expulsados-de-la-administracion-publica\/","title":{"rendered":"Funcionarios y empleados violentos podr\u00edan ser expulsados de la Administraci\u00f3n P\u00fablica"},"content":{"rendered":"<p>La Diputada Mar\u00eda Cecilia Guerrero present\u00f3 un proyecto de ley en la provincia de Catamarca que busca prevenir y sancionar la violencia de g\u00e9nero en la Administraci\u00f3n P\u00fablica. La iniciativa, que tom\u00f3 estado parlamentario, establece que los funcionarios y empleados p\u00fablicos que cometan actos de violencia de g\u00e9nero no podr\u00e1n seguir desempe\u00f1\u00e1ndose en el Estado Provincial.El proyecto de ley consta de varios art\u00edculos que establecen medidas para prevenir y sancionar la violencia de g\u00e9nero en la Administraci\u00f3n P\u00fablica. El art\u00edculo 2\u00b0 establece que los hechos de violencia de g\u00e9nero cometidos por funcionarios, empleados y agentes del Estado Provincial, de los tres poderes en los que se encuentra dividido el Gobierno de la Provincia, constituyen conducta indecorosa e indigna de la consideraci\u00f3n y confianza que su estado oficial exige, y resultan incompatibles con el acceso, ejercicio y permanencia en la funci\u00f3n p\u00fablica.<\/p>\n<p>Bajo esta perspectiva, quienes registren condena por delitos cometidos en contexto de violencia de g\u00e9nero y delitos contra la integridad sexual, o quienes hayan sido declarados agresores de violencia familiar o de g\u00e9nero (seg\u00fan el Art. 62\u00b0 de la Ley 5434), no podr\u00e1n ingresar, permanecer o ejercer como funcionarios y\/o empleados. Esto aplicar\u00eda para los tres poderes del Estado Provincial.Adem\u00e1s, el proyecto tiene un art\u00edculo de car\u00e1cter reparador: en caso de que un empleado p\u00fablico fuera cesanteado o exonerado por estas causas, tendr\u00e1 derecho a ingresar la persona que hubiese sido v\u00edctima del delito cometido por el agente.<\/p>\n","protected":false},"excerpt":{"rendered":"<p>La Diputada Mar\u00eda Cecilia Guerrero present\u00f3 un proyecto de ley en la provincia de Catamarca que busca prevenir y sancionar<\/p>\n","protected":false},"author":2,"featured_media":6522,"comment_status":"closed","ping_status":"closed","sticky":false,"template":"","format":"standard","meta":{"footnotes":"","jetpack_publicize_message":"","jetpack_publicize_feature_enabled":true,"jetpack_social_post_already_shared":true,"jetpack_social_options":{"image_generator_settings":{"template":"highway","enabled":false},"version":2}},"categories":[12],"tags":[],"class_list":["post-6521","post","type-post","status-publish","format-standard","has-post-thumbnail","hentry","category-politica"],"jetpack_publicize_connections":[],"_links":{"self":[{"href":"https:\/\/diariorepublica.com.ar\/web\/index.php\/wp-json\/wp\/v2\/posts\/6521"}],"collection":[{"href":"https:\/\/diariorepublica.com.ar\/web\/index.php\/wp-json\/wp\/v2\/posts"}],"about":[{"href":"https:\/\/diariorepublica.com.ar\/web\/index.php\/wp-json\/wp\/v2\/types\/post"}],"author":[{"embeddable":true,"href":"https:\/\/diariorepublica.com.ar\/web\/index.php\/wp-json\/wp\/v2\/users\/2"}],"replies":[{"embeddable":true,"href":"https:\/\/diariorepublica.com.ar\/web\/index.php\/wp-json\/wp\/v2\/comments?post=6521"}],"version-history":[{"count":1,"href":"https:\/\/diariorepublica.com.ar\/web\/index.php\/wp-json\/wp\/v2\/posts\/6521\/revisions"}],"predecessor-version":[{"id":6523,"href":"https:\/\/diariorepublica.com.ar\/web\/index.php\/wp-json\/wp\/v2\/posts\/6521\/revisions\/6523"}],"wp:featuredmedia":[{"embeddable":true,"href":"https:\/\/diariorepublica.com.ar\/web\/index.php\/wp-json\/wp\/v2\/media\/6522"}],"wp:attachment":[{"href":"https:\/\/diariorepublica.com.ar\/web\/index.php\/wp-json\/wp\/v2\/media?parent=6521"}],"wp:term":[{"taxonomy":"category","embeddable":true,"href":"https:\/\/diariorepublica.com.ar\/web\/index.php\/wp-json\/wp\/v2\/categories?post=6521"},{"taxonomy":"post_tag","embeddable":true,"href":"https:\/\/diariorepublica.com.ar\/web\/index.php\/wp-json\/wp\/v2\/tags?post=6521"}],"curies":[{"name":"wp","href":"https:\/\/api.w.org\/{rel}","templated":true}]}}