{"id":6525,"date":"2023-08-17T07:47:22","date_gmt":"2023-08-17T10:47:22","guid":{"rendered":"https:\/\/diariorepublica.com.ar\/web\/?p=6525"},"modified":"2023-08-17T07:47:23","modified_gmt":"2023-08-17T10:47:23","slug":"pese-a-las-presiones-del-kirchnerismo-massa-descarto-renunciar-al-ministerio-de-economia","status":"publish","type":"post","link":"https:\/\/diariorepublica.com.ar\/web\/index.php\/politica\/2023\/08\/17\/pese-a-las-presiones-del-kirchnerismo-massa-descarto-renunciar-al-ministerio-de-economia\/","title":{"rendered":"Pese a las presiones del kirchnerismo, Massa descart\u00f3 renunciar al Ministerio de Econom\u00eda"},"content":{"rendered":"<p class=\"paragraph\">El ministro de Econom\u00eda,\u00a0<b>Sergio Massa<\/b><b>,<\/b>\u00a0confirm\u00f3 que\u00a0<b>sigue al frente<\/b>\u00a0del cargo hasta el 10 de diciembre, en declaraciones a\u00a0<i>A dos voces,\u00a0<\/i>por\u00a0<b>TN,<\/b>\u00a0al plantear que una renuncia al Palacio de Hacienda<b>\u00a0\u201cle har\u00eda mucho da\u00f1o\u00a0<\/b>a la estabilidad econ\u00f3mica\u201d, en medio de las presiones del oficialismo para que deje el cargo, sumado a la fuerte inflaci\u00f3n y\u00a0la escalada del d\u00f3lar.<\/p>\n<p class=\"paragraph\">Massa hizo estas declaraciones tras las presiones del oficialismo como las del diputado nacional,\u00a0<b>Eduardo Vald\u00e9s,<\/b>\u00a0que consider\u00f3 que deber\u00eda renunciar al Ministerio de Econom\u00eda en su dualidad al frente de ese cargo y de la candidatura presidencial de Uni\u00f3n por la Patria, para dedicarse a la campa\u00f1a, tras la ca\u00edda en las PASO nacionales que gan\u00f3 el l\u00edder de La Libertad Avanza,\u00a0<b>Javier Milei<\/b><b>.<\/b><\/p>\n<p class=\"paragraph\">En esta l\u00ednea otro diputado nacional de Uni\u00f3n por la Patria,\u00a0<b>Omar Plaini,<\/b>\u00a0tambi\u00e9n sugiri\u00f3 una renuncia de Massa: \u201c\u00bfPor qu\u00e9 nuestro candidato<b>\u00a0no deja el ministerio,\u00a0<\/b>eleva una propuesta a corto, mediano y largo plazo, sale a\u00a0<b>recorrer el pa\u00eds,<\/b>\u00a0a captar a los que no votaron y no nos votaron y deje en el ministerio a alg\u00fan economista con conocimiento que tambi\u00e9n se haga cargo de la papa caliente?\u201d, en declaraciones a<i>\u00a0El Destape Radio.<\/i><\/p>\n<p class=\"paragraph\">Luego se desdijo: \u201cEn ning\u00fan momento ped\u00ed la renuncia de nuestro candidato a Presidente, Sergio Massa, lo que plante\u00e9 como opini\u00f3n es sugerir que pueda\u00a0<b>dejar a alguien<\/b>\u00a0de su extrema confianza, para que pueda recorrer el pa\u00eds llevando la propuesta de Uni\u00f3n por la Patria a cada rinc\u00f3n, que pueda tener esa libertad de realizar la campa\u00f1a a lo largo y a lo ancho, no es pedir la renuncia. La urgencia es llevar tranquilidad a los mercados y frenar a los especuladores\u201d.<\/p>\n<p class=\"paragraph\">El candidato presidencial de Uni\u00f3n por la Patria confirm\u00f3 que seguir\u00e1 al frente del Ministerio de Econom\u00eda hasta el 10 de diciembre, pese a las presiones del kirchnerismo, y le hizo fuertes cr\u00edticas a uno de sus antecesores,\u00a0<b>Mart\u00edn Guzm\u00e1n<\/b><b>,<\/b>\u00a0por su renuncia al cargo, hace poco m\u00e1s de un a\u00f1o:\u00a0<b>\u201cHuy\u00f3\u00a0<\/b>de un d\u00eda para el otro y gener\u00f3 una crisis\u201d.<\/p>\n<p class=\"paragraph\">Massa destac\u00f3: \u201cMe puse al frente en medio de la tormenta, por esto de que est\u00e1n con que si en la tormenta conviene quedarse en el Ministerio mientras uno es candidato, cuando estoy al frente de la tormenta\u00a0<b>agarro el tim\u00f3n y no lo suelto,<\/b>\u00a0lo peor que podr\u00eda hacer es coincidir con Milei, eso<b>\u00a0le har\u00eda mucho da\u00f1o<\/b>\u00a0a la estabilidad econ\u00f3mica argentina\u201d.<\/p>\n","protected":false},"excerpt":{"rendered":"<p>El ministro de Econom\u00eda,\u00a0Sergio Massa,\u00a0confirm\u00f3 que\u00a0sigue al frente\u00a0del cargo hasta el 10 de diciembre, en declaraciones a\u00a0A dos voces,\u00a0por\u00a0TN,\u00a0al plantear<\/p>\n","protected":false},"author":1,"featured_media":6529,"comment_status":"closed","ping_status":"closed","sticky":false,"template":"","format":"standard","meta":{"footnotes":"","jetpack_publicize_message":"","jetpack_publicize_feature_enabled":true,"jetpack_social_post_already_shared":true,"jetpack_social_options":{"image_generator_settings":{"template":"highway","enabled":false},"version":2}},"categories":[12],"tags":[],"class_list":["post-6525","post","type-post","status-publish","format-standard","has-post-thumbnail","hentry","category-politica"],"jetpack_publicize_connections":[],"_links":{"self":[{"href":"https:\/\/diariorepublica.com.ar\/web\/index.php\/wp-json\/wp\/v2\/posts\/6525"}],"collection":[{"href":"https:\/\/diariorepublica.com.ar\/web\/index.php\/wp-json\/wp\/v2\/posts"}],"about":[{"href":"https:\/\/diariorepublica.com.ar\/web\/index.php\/wp-json\/wp\/v2\/types\/post"}],"author":[{"embeddable":true,"href":"https:\/\/diariorepublica.com.ar\/web\/index.php\/wp-json\/wp\/v2\/users\/1"}],"replies":[{"embeddable":true,"href":"https:\/\/diariorepublica.com.ar\/web\/index.php\/wp-json\/wp\/v2\/comments?post=6525"}],"version-history":[{"count":1,"href":"https:\/\/diariorepublica.com.ar\/web\/index.php\/wp-json\/wp\/v2\/posts\/6525\/revisions"}],"predecessor-version":[{"id":6530,"href":"https:\/\/diariorepublica.com.ar\/web\/index.php\/wp-json\/wp\/v2\/posts\/6525\/revisions\/6530"}],"wp:featuredmedia":[{"embeddable":true,"href":"https:\/\/diariorepublica.com.ar\/web\/index.php\/wp-json\/wp\/v2\/media\/6529"}],"wp:attachment":[{"href":"https:\/\/diariorepublica.com.ar\/web\/index.php\/wp-json\/wp\/v2\/media?parent=6525"}],"wp:term":[{"taxonomy":"category","embeddable":true,"href":"https:\/\/diariorepublica.com.ar\/web\/index.php\/wp-json\/wp\/v2\/categories?post=6525"},{"taxonomy":"post_tag","embeddable":true,"href":"https:\/\/diariorepublica.com.ar\/web\/index.php\/wp-json\/wp\/v2\/tags?post=6525"}],"curies":[{"name":"wp","href":"https:\/\/api.w.org\/{rel}","templated":true}]}}