{"id":6536,"date":"2023-08-17T08:00:19","date_gmt":"2023-08-17T11:00:19","guid":{"rendered":"https:\/\/diariorepublica.com.ar\/web\/?p=6536"},"modified":"2023-08-17T08:00:24","modified_gmt":"2023-08-17T11:00:24","slug":"catamarca-concreta-exportacion-de-bovinos-en-pie-al-mercado-paraguayo","status":"publish","type":"post","link":"https:\/\/diariorepublica.com.ar\/web\/index.php\/sociedad\/2023\/08\/17\/catamarca-concreta-exportacion-de-bovinos-en-pie-al-mercado-paraguayo\/","title":{"rendered":"Catamarca concreta exportaci\u00f3n de bovinos en pie al mercado paraguayo"},"content":{"rendered":"<p>Un total de 6 ejemplares de toros de la raza Braford ser\u00e1n exportados hacia el vecino pa\u00eds esta semana por primera vez.\u00a0 El anuncio se realiz\u00f3 en el Centro de Gen\u00e9tica de Inseminaci\u00f3n de Ganado Bovino, encabezando el acto estuvieron el gobernador Ra\u00fal Jalil, el ministro de Inclusi\u00f3n Digital y Sistemas Productivos, Dalmacio Mera, y el Pte de AICAT, Alejandro Lauret. El Servicio Nacional de Sanidad y Calidad Agroalimentaria (Senasa) certific\u00f3 la exportaci\u00f3n a Paraguay de ejemplares destinados a la reproducci\u00f3n de alta calidad gen\u00e9tica.<\/p>\n<p>La gesti\u00f3n operativa incluy\u00f3 la venta de 6 toros reproductores de razas Braford, procedentes del plantel de AICAT, con destino al pa\u00eds vecino. \u201cEs la primera exportaci\u00f3n a Paraguay, hay mucha demanda e inter\u00e9s por parte de los productores de adquirir gen\u00e9tica argentina; tambi\u00e9n de nuestros productores de exportar gen\u00e9tica y ser actores destacados dentro del mercado de gen\u00e9tica de calidad en el mundo\u201d, sostuvo el ministro de Inclusi\u00f3n Digital y Sistemas Productivos, Dalmacio Mera.<\/p>\n<p>Estos toros fueron adquiridos por la provincia y cumplieron con su aporte reproductivo, logrando abastecer un stock de material gen\u00e9tico al realizar pr\u00e1cticas de inseminaci\u00f3n y transferencia embrionaria. Una iniciativa que gener\u00f3 grandes ventajas para los productores locales y para maximizar el valor residual de estos ejemplares, se logr\u00f3 su comercializaci\u00f3n en la Rep\u00fablica de Paraguay.<\/p>\n<p>De este modo, a medida que se materializan estas operaciones, el Ministerio de Inclusi\u00f3n Digital y Sistemas Productivos contin\u00faa avanzando en pol\u00edtica ganadera con el fin de contribuir al desarrollo y productividad del sector<\/p>\n","protected":false},"excerpt":{"rendered":"<p>Un total de 6 ejemplares de toros de la raza Braford ser\u00e1n exportados hacia el vecino pa\u00eds esta semana por<\/p>\n","protected":false},"author":2,"featured_media":6537,"comment_status":"closed","ping_status":"closed","sticky":false,"template":"","format":"standard","meta":{"footnotes":"","jetpack_publicize_message":"","jetpack_publicize_feature_enabled":true,"jetpack_social_post_already_shared":true,"jetpack_social_options":{"image_generator_settings":{"template":"highway","enabled":false},"version":2}},"categories":[3],"tags":[],"class_list":["post-6536","post","type-post","status-publish","format-standard","has-post-thumbnail","hentry","category-sociedad"],"jetpack_publicize_connections":[],"_links":{"self":[{"href":"https:\/\/diariorepublica.com.ar\/web\/index.php\/wp-json\/wp\/v2\/posts\/6536"}],"collection":[{"href":"https:\/\/diariorepublica.com.ar\/web\/index.php\/wp-json\/wp\/v2\/posts"}],"about":[{"href":"https:\/\/diariorepublica.com.ar\/web\/index.php\/wp-json\/wp\/v2\/types\/post"}],"author":[{"embeddable":true,"href":"https:\/\/diariorepublica.com.ar\/web\/index.php\/wp-json\/wp\/v2\/users\/2"}],"replies":[{"embeddable":true,"href":"https:\/\/diariorepublica.com.ar\/web\/index.php\/wp-json\/wp\/v2\/comments?post=6536"}],"version-history":[{"count":1,"href":"https:\/\/diariorepublica.com.ar\/web\/index.php\/wp-json\/wp\/v2\/posts\/6536\/revisions"}],"predecessor-version":[{"id":6538,"href":"https:\/\/diariorepublica.com.ar\/web\/index.php\/wp-json\/wp\/v2\/posts\/6536\/revisions\/6538"}],"wp:featuredmedia":[{"embeddable":true,"href":"https:\/\/diariorepublica.com.ar\/web\/index.php\/wp-json\/wp\/v2\/media\/6537"}],"wp:attachment":[{"href":"https:\/\/diariorepublica.com.ar\/web\/index.php\/wp-json\/wp\/v2\/media?parent=6536"}],"wp:term":[{"taxonomy":"category","embeddable":true,"href":"https:\/\/diariorepublica.com.ar\/web\/index.php\/wp-json\/wp\/v2\/categories?post=6536"},{"taxonomy":"post_tag","embeddable":true,"href":"https:\/\/diariorepublica.com.ar\/web\/index.php\/wp-json\/wp\/v2\/tags?post=6536"}],"curies":[{"name":"wp","href":"https:\/\/api.w.org\/{rel}","templated":true}]}}