{"id":6546,"date":"2023-08-17T08:14:22","date_gmt":"2023-08-17T11:14:22","guid":{"rendered":"https:\/\/diariorepublica.com.ar\/web\/?p=6546"},"modified":"2023-08-17T08:14:26","modified_gmt":"2023-08-17T11:14:26","slug":"no-creo-que-milei-sea-la-solucion-a-los-problemas-de-la-argentina","status":"publish","type":"post","link":"https:\/\/diariorepublica.com.ar\/web\/index.php\/politica\/2023\/08\/17\/no-creo-que-milei-sea-la-solucion-a-los-problemas-de-la-argentina\/","title":{"rendered":"\u00abNo creo que Milei sea la soluci\u00f3n a los problemas de la Argentina\u00bb"},"content":{"rendered":"<p>Carlos Muia, presidente de la Uni\u00f3n Industrial de Catamarca (UICa), se refiri\u00f3 a los resultados electorales del d\u00eda domingo. En dialogo con FM REPUBLICA 103.1, el empresario textil, brind\u00f3 diferentes conceptos sobre la realidad pol\u00edtica y econ\u00f3mica del pa\u00eds tras los sorpresivos resultados que arrojaron las PASO este domingo. Con el espacio Libertad Avanza de Milei que logr\u00f3 posicionarse como primera fuerza en las Primarias.<\/p>\n<p>\u201cNo creo que sea una soluci\u00f3n, la soluci\u00f3n nunca son los extremos, creo que las soluci\u00f3n pasa por el centro, si bien, sobre algunas cosas que dice (Milei) tendr\u00e1 raz\u00f3n pero tambi\u00e9n lo plantean otros candidatos, como la propuesta de achicar el estado\u201d<\/p>\n<p>\u201cNo necesitamos a Milei para darnos cuenta de eso, otros partidos tambi\u00e9n hablan de que hay que concentrar los temas donde hacen falta\u201d, apunt\u00f3 Muia.<\/p>\n<p>Por otra parte, dispar\u00f3 contra los cargos del Parlasur. \u201cAntes no ten\u00edamos necesidad que elegir candidatos del Parlasur, eso es una bolsa de trabajo para pol\u00edticos desocupados. La ciudadan\u00eda se da cuenta y se cansa de estas cosas. \u00bfQu\u00e9 tenemos que ver nosotros con gastar plata en Parlasur con todos los diputados que tenemos en la legislatura?\u201d, se pregunt\u00f3. Para a\u00f1adir luego que ese trabajo \u201cde \u00faltima es pol\u00edtica de la canciller\u00eda y de los embajadores, el Parlasur es un ejemplo de la verg\u00fcenza de la pol\u00edtica para reciclar a pol\u00edticos desocupados\u201d.<\/p>\n<p>Para cerrar con tales conceptos, Muaia enfatiz\u00f3 que es necesario dejar de gastar en lo que no hace falta, \u201cy para eso no se necesita ninguna mente brillante\u201d.<\/p>\n<p>Sobre la inestabilidad del d\u00f3lar, el referente industrial enfatiz\u00f3 que \u201cestamos viendo el resultado de la enfermedad y a la enfermedad hay que tratarla arreglando los problemas de fondo, no se puede gastar lo que no se tiene, por lo se ajusta con el tipo de cambio\u201d.<\/p>\n<p>Seguidamente destac\u00f3 que \u201ca pesar de eso, seguimos adelante, no hay situaciones que hagan paralizar la industria, ni el d\u00eda a d\u00eda\u201d.<\/p>\n","protected":false},"excerpt":{"rendered":"<p>Carlos Muia, presidente de la Uni\u00f3n Industrial de Catamarca (UICa), se refiri\u00f3 a los resultados electorales del d\u00eda domingo. En<\/p>\n","protected":false},"author":2,"featured_media":6547,"comment_status":"closed","ping_status":"closed","sticky":false,"template":"","format":"standard","meta":{"footnotes":"","jetpack_publicize_message":"","jetpack_publicize_feature_enabled":true,"jetpack_social_post_already_shared":true,"jetpack_social_options":{"image_generator_settings":{"template":"highway","enabled":false},"version":2}},"categories":[12],"tags":[],"class_list":["post-6546","post","type-post","status-publish","format-standard","has-post-thumbnail","hentry","category-politica"],"jetpack_publicize_connections":[],"_links":{"self":[{"href":"https:\/\/diariorepublica.com.ar\/web\/index.php\/wp-json\/wp\/v2\/posts\/6546"}],"collection":[{"href":"https:\/\/diariorepublica.com.ar\/web\/index.php\/wp-json\/wp\/v2\/posts"}],"about":[{"href":"https:\/\/diariorepublica.com.ar\/web\/index.php\/wp-json\/wp\/v2\/types\/post"}],"author":[{"embeddable":true,"href":"https:\/\/diariorepublica.com.ar\/web\/index.php\/wp-json\/wp\/v2\/users\/2"}],"replies":[{"embeddable":true,"href":"https:\/\/diariorepublica.com.ar\/web\/index.php\/wp-json\/wp\/v2\/comments?post=6546"}],"version-history":[{"count":1,"href":"https:\/\/diariorepublica.com.ar\/web\/index.php\/wp-json\/wp\/v2\/posts\/6546\/revisions"}],"predecessor-version":[{"id":6548,"href":"https:\/\/diariorepublica.com.ar\/web\/index.php\/wp-json\/wp\/v2\/posts\/6546\/revisions\/6548"}],"wp:featuredmedia":[{"embeddable":true,"href":"https:\/\/diariorepublica.com.ar\/web\/index.php\/wp-json\/wp\/v2\/media\/6547"}],"wp:attachment":[{"href":"https:\/\/diariorepublica.com.ar\/web\/index.php\/wp-json\/wp\/v2\/media?parent=6546"}],"wp:term":[{"taxonomy":"category","embeddable":true,"href":"https:\/\/diariorepublica.com.ar\/web\/index.php\/wp-json\/wp\/v2\/categories?post=6546"},{"taxonomy":"post_tag","embeddable":true,"href":"https:\/\/diariorepublica.com.ar\/web\/index.php\/wp-json\/wp\/v2\/tags?post=6546"}],"curies":[{"name":"wp","href":"https:\/\/api.w.org\/{rel}","templated":true}]}}