{"id":6562,"date":"2023-08-17T12:07:00","date_gmt":"2023-08-17T15:07:00","guid":{"rendered":"https:\/\/diariorepublica.com.ar\/web\/?p=6562"},"modified":"2023-08-17T18:08:34","modified_gmt":"2023-08-17T21:08:34","slug":"con-la-presencia-de-los-granaderos-abrio-la-expo-sanmartiniana","status":"publish","type":"post","link":"https:\/\/diariorepublica.com.ar\/web\/index.php\/sociedad\/2023\/08\/17\/con-la-presencia-de-los-granaderos-abrio-la-expo-sanmartiniana\/","title":{"rendered":"Con la presencia de los Granaderos, abri\u00f3 la Expo Sanmartiniana"},"content":{"rendered":"<p>Granaderos del Regimiento de San Mart\u00edn estuvieron presentes en la apertura de una nueva edici\u00f3n de la Expo Sanmartiniana, que se expone desde este jueves 17 de agosto en el Museo Hist\u00f3rico Provincial.<\/p>\n<p>A su arribo al Museo, los Granaderos fueron recibidos por la directora de Patrimonio y Museos, Laura Maubec\u00edn, la jefa del Museo Hist\u00f3rico, Valeria Valdez, y representantes de la Asociaci\u00f3n Sanmartiniana local.<\/p>\n<p>Luego, el granadero Federico D\u00edaz P\u00e9rez, oriundo de Catamarca, tom\u00f3 la palabra para saludar a los alumnos y el p\u00fablico presente y se\u00f1al\u00f3: \u201cNosotros como granaderos tenemos la responsabilidad de nutrir a todos j\u00f3venes y los ni\u00f1os sobre los valores que nos dej\u00f3 el General San Mart\u00edn, nuestro Padre de la Patria, personalmente estoy muy orgulloso\u00a0de poder volver a caminar las calles de mi Catamarca querida, pero esta vez siendo granadero\u201d.<\/p>\n<p>Organizada de manera conjunta por la Asociaci\u00f3n Sanmartiniana de Catamarca y el Museo Hist\u00f3rico, la expo incluye una sala en reconocimiento a tres granaderos catamarque\u00f1os que murieron en el bombardeo de 1955 en Casa Rosada. All\u00ed se encuentra tambi\u00e9n\u00a0un morri\u00f3n que perteneciera al actual secretario de la Asociaci\u00f3n Sanmartiniana, coronel retirado Eduardo Mendiz\u00e1bal, y un retrato hablado de un trompeta del Ej\u00e9rcito de los Andes.<\/p>\n<p>En las vitrinas de la galer\u00eda se encuentra un daguerrotipo o foto antigua original del General San Mart\u00edn, una de las pocas que a\u00fan se conservan, adem\u00e1s de medallas militares y conmemorativas. Por otro lado se observan un facs\u00edmil del sable corvo del Padre de la Patria, y un uniforme que us\u00f3 a su llegada en 1812, entre otros elementos.<\/p>\n<p>La Expo Sanmartiniana estar\u00e1 abierta durante el mes de agosto en el Museo Hist\u00f3rico, en Chacabuco 425 de la capital provincial, y podr\u00e1 ser visitada de manera gratuita de lunes a viernes de 8 a 13 y de 15 a 20 horas, y los s\u00e1bados de 9 a 13 horas.<\/p>\n","protected":false},"excerpt":{"rendered":"<p>Granaderos del Regimiento de San Mart\u00edn estuvieron presentes en la apertura de una nueva edici\u00f3n de la Expo Sanmartiniana, que<\/p>\n","protected":false},"author":1,"featured_media":6563,"comment_status":"closed","ping_status":"closed","sticky":false,"template":"","format":"standard","meta":{"footnotes":"","jetpack_publicize_message":"","jetpack_publicize_feature_enabled":true,"jetpack_social_post_already_shared":true,"jetpack_social_options":{"image_generator_settings":{"template":"highway","enabled":false},"version":2}},"categories":[3],"tags":[],"class_list":["post-6562","post","type-post","status-publish","format-standard","has-post-thumbnail","hentry","category-sociedad"],"jetpack_publicize_connections":[],"_links":{"self":[{"href":"https:\/\/diariorepublica.com.ar\/web\/index.php\/wp-json\/wp\/v2\/posts\/6562"}],"collection":[{"href":"https:\/\/diariorepublica.com.ar\/web\/index.php\/wp-json\/wp\/v2\/posts"}],"about":[{"href":"https:\/\/diariorepublica.com.ar\/web\/index.php\/wp-json\/wp\/v2\/types\/post"}],"author":[{"embeddable":true,"href":"https:\/\/diariorepublica.com.ar\/web\/index.php\/wp-json\/wp\/v2\/users\/1"}],"replies":[{"embeddable":true,"href":"https:\/\/diariorepublica.com.ar\/web\/index.php\/wp-json\/wp\/v2\/comments?post=6562"}],"version-history":[{"count":1,"href":"https:\/\/diariorepublica.com.ar\/web\/index.php\/wp-json\/wp\/v2\/posts\/6562\/revisions"}],"predecessor-version":[{"id":6564,"href":"https:\/\/diariorepublica.com.ar\/web\/index.php\/wp-json\/wp\/v2\/posts\/6562\/revisions\/6564"}],"wp:featuredmedia":[{"embeddable":true,"href":"https:\/\/diariorepublica.com.ar\/web\/index.php\/wp-json\/wp\/v2\/media\/6563"}],"wp:attachment":[{"href":"https:\/\/diariorepublica.com.ar\/web\/index.php\/wp-json\/wp\/v2\/media?parent=6562"}],"wp:term":[{"taxonomy":"category","embeddable":true,"href":"https:\/\/diariorepublica.com.ar\/web\/index.php\/wp-json\/wp\/v2\/categories?post=6562"},{"taxonomy":"post_tag","embeddable":true,"href":"https:\/\/diariorepublica.com.ar\/web\/index.php\/wp-json\/wp\/v2\/tags?post=6562"}],"curies":[{"name":"wp","href":"https:\/\/api.w.org\/{rel}","templated":true}]}}