{"id":6621,"date":"2023-08-18T08:35:58","date_gmt":"2023-08-18T11:35:58","guid":{"rendered":"https:\/\/diariorepublica.com.ar\/web\/?p=6621"},"modified":"2023-08-18T08:36:02","modified_gmt":"2023-08-18T11:36:02","slug":"vamos-a-unificar-esfuerzos-para-llevar-a-juntos-por-el-cambio-a-una-posicion-de-liderazgo","status":"publish","type":"post","link":"https:\/\/diariorepublica.com.ar\/web\/index.php\/politica\/2023\/08\/18\/vamos-a-unificar-esfuerzos-para-llevar-a-juntos-por-el-cambio-a-una-posicion-de-liderazgo\/","title":{"rendered":"\u00abVamos a unificar esfuerzos para llevar a Juntos por el Cambio a una posici\u00f3n de liderazgo"},"content":{"rendered":"<p>El escrutinio definitivo de las Elecciones Primarias Abiertas Simult\u00e1neas y Obligatorias (PASO) de este a\u00f1o estableci\u00f3 a Francisco Monti como el ganador en la contienda por la candidatura a intendente de la Capital dentro de la interna de Juntos por el Cambio<\/p>\n<p>Monti expres\u00f3 su agradecimiento a los vecinos de la ciudad por el apoyo recibido. En su mensaje, resalt\u00f3 la importancia del trabajo en equipo y la humildad como valores fundamentales para la gesti\u00f3n gubernamental que se propone liderar.Despu\u00e9s de ser electo en las PASO, sostiene que buscar\u00e1 unificar esfuerzos para llevar a Juntos por el Cambio a una posici\u00f3n de liderazgo en Catamarca y todo el pa\u00eds.<\/p>\n","protected":false},"excerpt":{"rendered":"<p>El escrutinio definitivo de las Elecciones Primarias Abiertas Simult\u00e1neas y Obligatorias (PASO) de este a\u00f1o estableci\u00f3 a Francisco Monti como<\/p>\n","protected":false},"author":2,"featured_media":6625,"comment_status":"closed","ping_status":"closed","sticky":false,"template":"","format":"standard","meta":{"footnotes":"","jetpack_publicize_message":"","jetpack_publicize_feature_enabled":true,"jetpack_social_post_already_shared":true,"jetpack_social_options":{"image_generator_settings":{"template":"highway","enabled":false},"version":2}},"categories":[12],"tags":[],"class_list":["post-6621","post","type-post","status-publish","format-standard","has-post-thumbnail","hentry","category-politica"],"jetpack_publicize_connections":[],"_links":{"self":[{"href":"https:\/\/diariorepublica.com.ar\/web\/index.php\/wp-json\/wp\/v2\/posts\/6621"}],"collection":[{"href":"https:\/\/diariorepublica.com.ar\/web\/index.php\/wp-json\/wp\/v2\/posts"}],"about":[{"href":"https:\/\/diariorepublica.com.ar\/web\/index.php\/wp-json\/wp\/v2\/types\/post"}],"author":[{"embeddable":true,"href":"https:\/\/diariorepublica.com.ar\/web\/index.php\/wp-json\/wp\/v2\/users\/2"}],"replies":[{"embeddable":true,"href":"https:\/\/diariorepublica.com.ar\/web\/index.php\/wp-json\/wp\/v2\/comments?post=6621"}],"version-history":[{"count":1,"href":"https:\/\/diariorepublica.com.ar\/web\/index.php\/wp-json\/wp\/v2\/posts\/6621\/revisions"}],"predecessor-version":[{"id":6626,"href":"https:\/\/diariorepublica.com.ar\/web\/index.php\/wp-json\/wp\/v2\/posts\/6621\/revisions\/6626"}],"wp:featuredmedia":[{"embeddable":true,"href":"https:\/\/diariorepublica.com.ar\/web\/index.php\/wp-json\/wp\/v2\/media\/6625"}],"wp:attachment":[{"href":"https:\/\/diariorepublica.com.ar\/web\/index.php\/wp-json\/wp\/v2\/media?parent=6621"}],"wp:term":[{"taxonomy":"category","embeddable":true,"href":"https:\/\/diariorepublica.com.ar\/web\/index.php\/wp-json\/wp\/v2\/categories?post=6621"},{"taxonomy":"post_tag","embeddable":true,"href":"https:\/\/diariorepublica.com.ar\/web\/index.php\/wp-json\/wp\/v2\/tags?post=6621"}],"curies":[{"name":"wp","href":"https:\/\/api.w.org\/{rel}","templated":true}]}}