{"id":6658,"date":"2023-08-18T11:45:04","date_gmt":"2023-08-18T14:45:04","guid":{"rendered":"https:\/\/diariorepublica.com.ar\/web\/?p=6658"},"modified":"2023-08-18T11:45:08","modified_gmt":"2023-08-18T14:45:08","slug":"murio-chico-novarro","status":"publish","type":"post","link":"https:\/\/diariorepublica.com.ar\/web\/index.php\/espectaculos\/2023\/08\/18\/murio-chico-novarro\/","title":{"rendered":"Muri\u00f3 Chico Novarro"},"content":{"rendered":"<p class=\"paragraph\">A los 88 a\u00f1os, muri\u00f3 el cantante\u00a0<b>Chico Novarro<\/b>, uno de los artistas m\u00e1s populares de la d\u00e9cada del \u201860, representante de una generaci\u00f3n que cambi\u00f3 la m\u00fasica en la Argentina.<\/p>\n<p class=\"paragraph\">Su hijo, Pablo Novak, public\u00f3 una hermosa foto para despedir a su pap\u00e1.<\/p>\n<p class=\"paragraph\">Su gran amigo y m\u00fasico, Dany Martin, fue el que tambi\u00e9n comunic\u00f3 la noticia en las redes. \u201cCon un dolor que pocas veces sent\u00ed en mi vida, quiero decirles que se fue mi hermano de toda la vida, Chico Novarro. \u00a1\u00a1\u00a1Vol\u00e1 alto Chico, muy muy alto!!!\u201d, escribi\u00f3, junto a una postal del vocalista.<\/p>\n<figure class=\"\">\n<div class=\"aspect_ratio__container\"><picture class=\"responsive-image\"><source srcset=\"https:\/\/tn.com.ar\/resizer\/rnJammMilpCPMJItzfhJnLG7MWQ=\/767x0\/smart\/filters:format(webp)\/cloudfront-us-east-1.images.arcpublishing.com\/artear\/KZ6UHT6NHNH6LEKFUDDTP7466U.JPG\" type=\"image\/jpg\" media=\"(max-width: 728px)\" \/><source srcset=\"https:\/\/tn.com.ar\/resizer\/xI-2UacKZ8dn0tgzKxP6qh67-sk=\/1023x0\/smart\/filters:format(webp)\/cloudfront-us-east-1.images.arcpublishing.com\/artear\/KZ6UHT6NHNH6LEKFUDDTP7466U.JPG\" type=\"image\/jpg\" media=\"(max-width: 1023px)\" \/><source srcset=\"https:\/\/tn.com.ar\/resizer\/1Xekz3DsEah_HmdLvGBFD0z1Ub8=\/1440x0\/smart\/filters:format(webp)\/cloudfront-us-east-1.images.arcpublishing.com\/artear\/KZ6UHT6NHNH6LEKFUDDTP7466U.JPG\" type=\"image\/jpg\" \/><img loading=\"lazy\" decoding=\"async\" class=\"image content-image image_placeholder\" src=\"https:\/\/tn.com.ar\/resizer\/rnJammMilpCPMJItzfhJnLG7MWQ=\/767x0\/smart\/filters:format(webp)\/cloudfront-us-east-1.images.arcpublishing.com\/artear\/KZ6UHT6NHNH6LEKFUDDTP7466U.JPG\" alt=\"Muri\u00f3 Chico Novarro, un m\u00fasico de todos los g\u00e9neros\" width=\"767\" height=\"754\" \/><\/picture><\/div>\n<\/figure>\n","protected":false},"excerpt":{"rendered":"<p>A los 88 a\u00f1os, muri\u00f3 el cantante\u00a0Chico Novarro, uno de los artistas m\u00e1s populares de la d\u00e9cada del \u201860, representante<\/p>\n","protected":false},"author":1,"featured_media":6659,"comment_status":"closed","ping_status":"closed","sticky":false,"template":"","format":"standard","meta":{"footnotes":"","jetpack_publicize_message":"","jetpack_publicize_feature_enabled":true,"jetpack_social_post_already_shared":true,"jetpack_social_options":{"image_generator_settings":{"template":"highway","enabled":false},"version":2}},"categories":[7],"tags":[],"class_list":["post-6658","post","type-post","status-publish","format-standard","has-post-thumbnail","hentry","category-espectaculos"],"jetpack_publicize_connections":[],"_links":{"self":[{"href":"https:\/\/diariorepublica.com.ar\/web\/index.php\/wp-json\/wp\/v2\/posts\/6658"}],"collection":[{"href":"https:\/\/diariorepublica.com.ar\/web\/index.php\/wp-json\/wp\/v2\/posts"}],"about":[{"href":"https:\/\/diariorepublica.com.ar\/web\/index.php\/wp-json\/wp\/v2\/types\/post"}],"author":[{"embeddable":true,"href":"https:\/\/diariorepublica.com.ar\/web\/index.php\/wp-json\/wp\/v2\/users\/1"}],"replies":[{"embeddable":true,"href":"https:\/\/diariorepublica.com.ar\/web\/index.php\/wp-json\/wp\/v2\/comments?post=6658"}],"version-history":[{"count":1,"href":"https:\/\/diariorepublica.com.ar\/web\/index.php\/wp-json\/wp\/v2\/posts\/6658\/revisions"}],"predecessor-version":[{"id":6660,"href":"https:\/\/diariorepublica.com.ar\/web\/index.php\/wp-json\/wp\/v2\/posts\/6658\/revisions\/6660"}],"wp:featuredmedia":[{"embeddable":true,"href":"https:\/\/diariorepublica.com.ar\/web\/index.php\/wp-json\/wp\/v2\/media\/6659"}],"wp:attachment":[{"href":"https:\/\/diariorepublica.com.ar\/web\/index.php\/wp-json\/wp\/v2\/media?parent=6658"}],"wp:term":[{"taxonomy":"category","embeddable":true,"href":"https:\/\/diariorepublica.com.ar\/web\/index.php\/wp-json\/wp\/v2\/categories?post=6658"},{"taxonomy":"post_tag","embeddable":true,"href":"https:\/\/diariorepublica.com.ar\/web\/index.php\/wp-json\/wp\/v2\/tags?post=6658"}],"curies":[{"name":"wp","href":"https:\/\/api.w.org\/{rel}","templated":true}]}}