{"id":666,"date":"2023-03-29T11:08:43","date_gmt":"2023-03-29T14:08:43","guid":{"rendered":"https:\/\/diariorepublica.com.ar\/web\/?p=666"},"modified":"2023-03-29T11:08:44","modified_gmt":"2023-03-29T14:08:44","slug":"la-oficina-movil-del-ente-regulador-se-traslada-al-este-provincial","status":"publish","type":"post","link":"https:\/\/diariorepublica.com.ar\/web\/index.php\/locales\/2023\/03\/29\/la-oficina-movil-del-ente-regulador-se-traslada-al-este-provincial\/","title":{"rendered":"La oficina m\u00f3vil del Ente Regulador se traslada al este provincial"},"content":{"rendered":"<p style=\"font-weight: 400;\">La intensa agenda de recorrida por el interior provincial del Ente Regulador continuar\u00e1 este jueves 30 y viernes 31 en distintas localidades del departamento El Alto, donde usuarios y usuarias tendr\u00e1n la posibilidad de realizar los mismos tr\u00e1mites que se concretan en la Capital.<\/p>\n<p style=\"font-weight: 400;\">El equipo de trabajo de la Gerencia de Defensa al Consumidor y de la Direcci\u00f3n de Denuncias y Reclamos del Organismo, estar\u00e1 dispuesto a atender las consultas de los vecinos, quienes adem\u00e1s podr\u00e1n realizar reclamos, recibir asesoramiento, e inscribirse para mantener el subsidio nacional a la energ\u00eda el\u00e9ctrica.<\/p>\n<p style=\"font-weight: 400;\">Vale recordar que, en este caso, la inscripci\u00f3n est\u00e1 abierta y quienes deseen realizarla deben acercarse con la siguiente informaci\u00f3n:<\/p>\n<ul>\n<li style=\"font-weight: 400;\">El n\u00famero de medidor y el n\u00famero de Cliente\/Servicio\/Cuenta\/Contrato o NIS que est\u00e1n en tu factura de energ\u00eda el\u00e9ctrica y gas natural por red.<\/li>\n<li style=\"font-weight: 400;\">El \u00faltimo ejemplar de tu DNI.<\/li>\n<li style=\"font-weight: 400;\">El n\u00famero de CUIL de cada integrante del hogar mayor de 18 a\u00f1os.<\/li>\n<li style=\"font-weight: 400;\">Los ingresos de bolsillo de cada integrante del hogar mayor de 18 a\u00f1os.<\/li>\n<li style=\"font-weight: 400;\">Una direcci\u00f3n de correo electr\u00f3nico.<\/li>\n<li style=\"font-weight: 400;\">Si en el domicilio de los servicios funciona un comedor o merendero comunitario registrado en el ReNaCOM, ten\u00e9 a mano el n\u00famero de registro.<\/li>\n<\/ul>\n<p style=\"font-weight: 400;\">Cabe resaltar que en el marco del recorrido por el interior, el Ente Regulador ya visit\u00f3 las localidades de Huillapima, La Merced y Fiambal\u00e1, este \u00faltimo caso a trav\u00e9s del programa provincial \u201cCatamarca con vos\u201d.<\/p>\n<p style=\"font-weight: 400;\">A trav\u00e9s del operativo el Ente Regulador pretende estar m\u00e1s cerca de los usuarios y usuarias, ayud\u00e1ndolos, asesor\u00e1ndolos y atendiendo sus problem\u00e1ticas en materia de servicios p\u00fablicos.<\/p>\n<p style=\"font-weight: 400;\">Cronograma de atenci\u00f3n<\/p>\n<p style=\"font-weight: 400;\">Jueves 30: Vilisman. Tinglado Municipal, de 8:30 a 12 horas.<\/p>\n<p style=\"font-weight: 400;\">Jueves 30: Villa El Alto. Sal\u00f3n Cultural, de 14 a 18 horas.<\/p>\n<p style=\"font-weight: 400;\">Viernes 31: Tapso: Punto Digital, de 9 a 13 horas.<\/p>\n<p>\u00a0<\/p>\n\n\n<figure class=\"wp-block-image size-full\"><img loading=\"lazy\" decoding=\"async\" width=\"720\" height=\"1018\" src=\"https:\/\/diariorepublica.com.ar\/web\/wp-content\/uploads\/2023\/03\/DSC_0308.jpg\" alt=\"\" class=\"wp-image-667\" srcset=\"https:\/\/diariorepublica.com.ar\/web\/wp-content\/uploads\/2023\/03\/DSC_0308.jpg 720w, https:\/\/diariorepublica.com.ar\/web\/wp-content\/uploads\/2023\/03\/DSC_0308-212x300.jpg 212w\" sizes=\"(max-width: 720px) 100vw, 720px\" \/><\/figure>\n\n\n\n<figure class=\"wp-block-image size-full\"><img loading=\"lazy\" decoding=\"async\" width=\"720\" height=\"1022\" src=\"https:\/\/diariorepublica.com.ar\/web\/wp-content\/uploads\/2023\/03\/DSC_0272.jpg\" alt=\"\" class=\"wp-image-668\" srcset=\"https:\/\/diariorepublica.com.ar\/web\/wp-content\/uploads\/2023\/03\/DSC_0272.jpg 720w, https:\/\/diariorepublica.com.ar\/web\/wp-content\/uploads\/2023\/03\/DSC_0272-211x300.jpg 211w\" sizes=\"(max-width: 720px) 100vw, 720px\" \/><\/figure>\n","protected":false},"excerpt":{"rendered":"<p>La intensa agenda de recorrida por el interior provincial del Ente Regulador continuar\u00e1 este jueves 30 y viernes 31 en<\/p>\n","protected":false},"author":1,"featured_media":669,"comment_status":"closed","ping_status":"closed","sticky":false,"template":"","format":"standard","meta":{"footnotes":"","jetpack_publicize_message":"","jetpack_publicize_feature_enabled":true,"jetpack_social_post_already_shared":false,"jetpack_social_options":{"image_generator_settings":{"template":"highway","enabled":false},"version":2}},"categories":[2],"tags":[],"class_list":["post-666","post","type-post","status-publish","format-standard","has-post-thumbnail","hentry","category-locales"],"jetpack_publicize_connections":[],"_links":{"self":[{"href":"https:\/\/diariorepublica.com.ar\/web\/index.php\/wp-json\/wp\/v2\/posts\/666"}],"collection":[{"href":"https:\/\/diariorepublica.com.ar\/web\/index.php\/wp-json\/wp\/v2\/posts"}],"about":[{"href":"https:\/\/diariorepublica.com.ar\/web\/index.php\/wp-json\/wp\/v2\/types\/post"}],"author":[{"embeddable":true,"href":"https:\/\/diariorepublica.com.ar\/web\/index.php\/wp-json\/wp\/v2\/users\/1"}],"replies":[{"embeddable":true,"href":"https:\/\/diariorepublica.com.ar\/web\/index.php\/wp-json\/wp\/v2\/comments?post=666"}],"version-history":[{"count":1,"href":"https:\/\/diariorepublica.com.ar\/web\/index.php\/wp-json\/wp\/v2\/posts\/666\/revisions"}],"predecessor-version":[{"id":670,"href":"https:\/\/diariorepublica.com.ar\/web\/index.php\/wp-json\/wp\/v2\/posts\/666\/revisions\/670"}],"wp:featuredmedia":[{"embeddable":true,"href":"https:\/\/diariorepublica.com.ar\/web\/index.php\/wp-json\/wp\/v2\/media\/669"}],"wp:attachment":[{"href":"https:\/\/diariorepublica.com.ar\/web\/index.php\/wp-json\/wp\/v2\/media?parent=666"}],"wp:term":[{"taxonomy":"category","embeddable":true,"href":"https:\/\/diariorepublica.com.ar\/web\/index.php\/wp-json\/wp\/v2\/categories?post=666"},{"taxonomy":"post_tag","embeddable":true,"href":"https:\/\/diariorepublica.com.ar\/web\/index.php\/wp-json\/wp\/v2\/tags?post=666"}],"curies":[{"name":"wp","href":"https:\/\/api.w.org\/{rel}","templated":true}]}}