{"id":6671,"date":"2023-08-18T17:11:46","date_gmt":"2023-08-18T20:11:46","guid":{"rendered":"https:\/\/diariorepublica.com.ar\/web\/?p=6671"},"modified":"2023-08-18T17:11:47","modified_gmt":"2023-08-18T20:11:47","slug":"melconian-mantuvo-un-encuentro-con-el-fmi","status":"publish","type":"post","link":"https:\/\/diariorepublica.com.ar\/web\/index.php\/politica\/2023\/08\/18\/melconian-mantuvo-un-encuentro-con-el-fmi\/","title":{"rendered":"Melconian mantuvo un encuentro con el FMI"},"content":{"rendered":"<p>Carlos Melconian mantuvo un encuentro con el FMI para explicar las propuestas econ\u00f3micas de la candidata presidencial Patricia Bullrich. El encuentro fue virtual y dur\u00f3 aproximadamente dos horas. Sus interlocutores fueron Rodrigo Vald\u00e9s, a cargo de la negociaci\u00f3n del Fondo Monetario Internacional (FMI) con la Argentina y Luis Cubeddu, jefe de misi\u00f3n del FMI para la Argentina.<\/p>\n<p>El economista, consejero de la candidata presidencial por Juntos por el Cambio explic\u00f3 el programa econ\u00f3mico que podr\u00eda llevar adelante en caso de acceder al poder. Dio su opinion de la situaci\u00f3n pol\u00edtica y econ\u00f3mica actual y adelant\u00f3 los aspectos b\u00e1sicos del programa econ\u00f3mico que est\u00e1 preparando con su equipo t\u00e9cnico a Vald\u00e9s y Cubeddu.<\/p>\n<p>Los funcionarios del FMI tomaron nota de las impresiones de Melconian y acordaron un nuevo encuentro en las pr\u00f3ximas semanas.<\/p>\n<p>Antes de la reuni\u00f3n con Melconian, Vald\u00e9s y Cubbedu charlaron tambi\u00e9n de manera virtual con el economista y diputado nacional Luciano Laspina, junto a Guillermo Mondino, Gabriel Lopetegui y Pablo Guidotti, otros profesionales participantes del equipo t\u00e9cnico que asesora a Bullrich.<\/p>\n<p>Ambas charlas fueron en la misma l\u00ednea, apoyados en la necesidad de tener una prolija transici\u00f3n pol\u00edtica, reducir el d\u00e9ficit fiscal y fortalecer las reservas del Banco Central. El diputado nacional y consejero econ\u00f3mico de Bullrich se mostr\u00f3 preocupado por la profundidad del d\u00e9ficit fiscal, la escasez de reservas y una inflaci\u00f3n mensual que estar\u00eda en dos d\u00edgitos desde agosto hasta \u2013al menos- diciembre.<\/p>\n<p>Ante la incertidumbre electoral luego de las primarias y con un panorama abierto hacia adelante, desde el Fondo reconocieron las reuniones con los equipo econ\u00f3micos de Juntos por el Cambio y de La Libertad Avanza. Hoy por la ma\u00f1ana tambi\u00e9n se reunieron con Javier Milei. Los delegados del organismo quieren tener el panorama de las opciones a futuro ante cualquier desenlace.<\/p>\n<p>Desde el FMI confirmaron las reuniones y expresaron que estas discusiones fueron una oportunidad para intercambiar puntos de vista sobre las perspectivas econ\u00f3micas actuales de Argentina y entender sus prioridades de pol\u00edtica econ\u00f3mica.<\/p>\n<p>Adicionalmente indicaron que estas reuniones son parte de contactos regulares y rutinarios del Fondo para comprender sus puntos de vista y opiniones sobre los objetivos generales y las pol\u00edticas clave de los programas respaldados por el Fondo.<\/p>\n<p>La semana que viene, el ministro de Econom\u00eda y candidato presidencial por Uni\u00f3n por la Patria, Sergio Massa, viajar\u00e1 a Washington a reunirse con el organismo y cerrar el n\u00famero final del desembolso.<\/p>\n<p>El Gobierno espera que haya un desembolso m\u00e1s cercano a los 8.000 millones de d\u00f3lares que a los iniciales 7.500 millones. Con ese monto se cancelar\u00edan los cr\u00e9ditos tomados con la CAF y Qatar, m\u00e1s la reposici\u00f3n del swap chino, que se utilizaron para cancelar los pagos de julio y agosto. El remanente alimentar\u00e1 las reservas hasta los pr\u00f3ximos vencimientos.<\/p>\n<p>Segun se supo, en las charlas que mantuvieron Melconian por un lado y Laspina, Mondino, Lopetegui y Guidotti por otro, se mencion\u00f3 que el \u00faltimo desembolso de 2023 se deber\u00eda negociar con el candidato presidencial electo. Por lo que se presume que el desembolso de noviembre ser\u00e1 sobre la segunda quincena.<\/p>\n","protected":false},"excerpt":{"rendered":"<p>Carlos Melconian mantuvo un encuentro con el FMI para explicar las propuestas econ\u00f3micas de la candidata presidencial Patricia Bullrich. El<\/p>\n","protected":false},"author":1,"featured_media":6672,"comment_status":"closed","ping_status":"closed","sticky":false,"template":"","format":"standard","meta":{"footnotes":"","jetpack_publicize_message":"","jetpack_publicize_feature_enabled":true,"jetpack_social_post_already_shared":true,"jetpack_social_options":{"image_generator_settings":{"template":"highway","enabled":false},"version":2}},"categories":[12],"tags":[],"class_list":["post-6671","post","type-post","status-publish","format-standard","has-post-thumbnail","hentry","category-politica"],"jetpack_publicize_connections":[],"_links":{"self":[{"href":"https:\/\/diariorepublica.com.ar\/web\/index.php\/wp-json\/wp\/v2\/posts\/6671"}],"collection":[{"href":"https:\/\/diariorepublica.com.ar\/web\/index.php\/wp-json\/wp\/v2\/posts"}],"about":[{"href":"https:\/\/diariorepublica.com.ar\/web\/index.php\/wp-json\/wp\/v2\/types\/post"}],"author":[{"embeddable":true,"href":"https:\/\/diariorepublica.com.ar\/web\/index.php\/wp-json\/wp\/v2\/users\/1"}],"replies":[{"embeddable":true,"href":"https:\/\/diariorepublica.com.ar\/web\/index.php\/wp-json\/wp\/v2\/comments?post=6671"}],"version-history":[{"count":1,"href":"https:\/\/diariorepublica.com.ar\/web\/index.php\/wp-json\/wp\/v2\/posts\/6671\/revisions"}],"predecessor-version":[{"id":6673,"href":"https:\/\/diariorepublica.com.ar\/web\/index.php\/wp-json\/wp\/v2\/posts\/6671\/revisions\/6673"}],"wp:featuredmedia":[{"embeddable":true,"href":"https:\/\/diariorepublica.com.ar\/web\/index.php\/wp-json\/wp\/v2\/media\/6672"}],"wp:attachment":[{"href":"https:\/\/diariorepublica.com.ar\/web\/index.php\/wp-json\/wp\/v2\/media?parent=6671"}],"wp:term":[{"taxonomy":"category","embeddable":true,"href":"https:\/\/diariorepublica.com.ar\/web\/index.php\/wp-json\/wp\/v2\/categories?post=6671"},{"taxonomy":"post_tag","embeddable":true,"href":"https:\/\/diariorepublica.com.ar\/web\/index.php\/wp-json\/wp\/v2\/tags?post=6671"}],"curies":[{"name":"wp","href":"https:\/\/api.w.org\/{rel}","templated":true}]}}