{"id":6674,"date":"2023-08-18T17:14:07","date_gmt":"2023-08-18T20:14:07","guid":{"rendered":"https:\/\/diariorepublica.com.ar\/web\/?p=6674"},"modified":"2023-08-18T17:14:09","modified_gmt":"2023-08-18T20:14:09","slug":"milei-se-reunio-con-el-fmi","status":"publish","type":"post","link":"https:\/\/diariorepublica.com.ar\/web\/index.php\/politica\/2023\/08\/18\/milei-se-reunio-con-el-fmi\/","title":{"rendered":"Milei se reuni\u00f3 con el FMI"},"content":{"rendered":"<article class=\"article-body article-body--first-paragraph content-protected-false\" data-td-script-src=\"https:\/\/www.ambito.com\/td\/modulos\/encuestas\/js\/function-embeds-min-version-1660312129.js\"><strong>Javier Milei<\/strong>\u00a0se reuni\u00f3 hoy con autoridades del\u00a0<strong>Fondo Monetario Internacional (FMI)<\/strong>\u00a0para dar a conocer su\u00a0<strong>plan econ\u00f3mico<\/strong>, luego de que el candidato de<strong>\u00a0La Libertad Avanza<\/strong>\u00a0fuera\u00a0el m\u00e1s votado\u00a0en las\u00a0<strong>Primarias Abiertas Simult\u00e1neas y Obligatorias (PASO)<\/strong>.<\/p>\n<\/article>\n<article class=\"article-body article-body--second-paragraph content-protected-false\">En la charla -que se desarroll\u00f3 de forma virtual y dur\u00f3 m\u00e1s de una hora- participaron\u00a0<strong>Carlos Rodr\u00edguez<\/strong>,\u00a0<strong>Dar\u00edo Epstein<\/strong>\u00a0y\u00a0<strong>Roque Fern\u00e1ndez<\/strong>, integrantes del consejo de asesores econ\u00f3micos del candidato.<\/p>\n<article class=\"article-body article-body--third-paragraph content-protected-false\">Desde el equipo de Milei detallaron cu\u00e1l es el\u00a0<strong>conjunto de 7 reformas<\/strong>\u00a0que llevar\u00edan a cabo en caso de acceder a la presidencia. Todo se resume en siete puntos clave que se enumeran a continuaci\u00f3n<\/p>\n<\/article>\n<article class=\"article-body article-body--fourth-paragraph content-protected-false\">1)<strong>\u00a0Ajuste fiscal<\/strong><\/p>\n<\/article>\n<article class=\"article-body article-body--remaining-paragraph content-protected-false\">Seg\u00fan lo expresado, ser\u00e1<strong>\u00a0m\u00e1s importante que el exigido por el propio Fondo<\/strong>.<\/p>\n<p>2)<strong>\u00a0Unificaci\u00f3n de los los tipos de cambio<\/strong><\/p>\n<p>La unificaci\u00f3n del tipo de cambio implica que haya\u00a0<strong>un solo d\u00f3lar<\/strong>\u00a0para todos los tipos de transacciones.<\/p>\n<p>3) Cerrar el\u00a0<strong>d\u00e9ficit financiero<\/strong><\/p>\n<p>Se espera que esto funcione a trav\u00e9s de la\u00a0<strong>reducci\u00f3n de gastos<\/strong>.<\/p>\n<p>4)<strong>\u00a0Apertura de la econom\u00eda<\/strong><\/p>\n<p>5)<strong>\u00a0Ajuste y reforma del Estado<\/strong><\/p>\n<p>Este ajuste\u00a0<strong>no lo pagar\u00e1 la sociedad ni la producci\u00f3n<\/strong>, si no la pol\u00edtica a trav\u00e9s de la \u00abprofunda reforma\u00bb.<\/p>\n<p>6) Impulso de una<strong>\u00a0modernizaci\u00f3n de las leyes laborales<\/strong><\/p>\n<p>7) Promoci\u00f3n de una\u00a0<strong>reforma monetaria\u00a0<\/strong>que\u00a0<strong>termine con el Banco Central<\/strong><\/p>\n<\/article>\n<\/article>\n","protected":false},"excerpt":{"rendered":"<p>Javier Milei\u00a0se reuni\u00f3 hoy con autoridades del\u00a0Fondo Monetario Internacional (FMI)\u00a0para dar a conocer su\u00a0plan econ\u00f3mico, luego de que el candidato<\/p>\n","protected":false},"author":1,"featured_media":6675,"comment_status":"closed","ping_status":"closed","sticky":false,"template":"","format":"standard","meta":{"footnotes":"","jetpack_publicize_message":"","jetpack_publicize_feature_enabled":true,"jetpack_social_post_already_shared":true,"jetpack_social_options":{"image_generator_settings":{"template":"highway","enabled":false},"version":2}},"categories":[12],"tags":[],"class_list":["post-6674","post","type-post","status-publish","format-standard","has-post-thumbnail","hentry","category-politica"],"jetpack_publicize_connections":[],"_links":{"self":[{"href":"https:\/\/diariorepublica.com.ar\/web\/index.php\/wp-json\/wp\/v2\/posts\/6674"}],"collection":[{"href":"https:\/\/diariorepublica.com.ar\/web\/index.php\/wp-json\/wp\/v2\/posts"}],"about":[{"href":"https:\/\/diariorepublica.com.ar\/web\/index.php\/wp-json\/wp\/v2\/types\/post"}],"author":[{"embeddable":true,"href":"https:\/\/diariorepublica.com.ar\/web\/index.php\/wp-json\/wp\/v2\/users\/1"}],"replies":[{"embeddable":true,"href":"https:\/\/diariorepublica.com.ar\/web\/index.php\/wp-json\/wp\/v2\/comments?post=6674"}],"version-history":[{"count":1,"href":"https:\/\/diariorepublica.com.ar\/web\/index.php\/wp-json\/wp\/v2\/posts\/6674\/revisions"}],"predecessor-version":[{"id":6676,"href":"https:\/\/diariorepublica.com.ar\/web\/index.php\/wp-json\/wp\/v2\/posts\/6674\/revisions\/6676"}],"wp:featuredmedia":[{"embeddable":true,"href":"https:\/\/diariorepublica.com.ar\/web\/index.php\/wp-json\/wp\/v2\/media\/6675"}],"wp:attachment":[{"href":"https:\/\/diariorepublica.com.ar\/web\/index.php\/wp-json\/wp\/v2\/media?parent=6674"}],"wp:term":[{"taxonomy":"category","embeddable":true,"href":"https:\/\/diariorepublica.com.ar\/web\/index.php\/wp-json\/wp\/v2\/categories?post=6674"},{"taxonomy":"post_tag","embeddable":true,"href":"https:\/\/diariorepublica.com.ar\/web\/index.php\/wp-json\/wp\/v2\/tags?post=6674"}],"curies":[{"name":"wp","href":"https:\/\/api.w.org\/{rel}","templated":true}]}}