{"id":6739,"date":"2023-08-22T10:04:41","date_gmt":"2023-08-22T13:04:41","guid":{"rendered":"https:\/\/diariorepublica.com.ar\/web\/?p=6739"},"modified":"2023-08-22T10:04:43","modified_gmt":"2023-08-22T13:04:43","slug":"por-el-viento-zonda-suspenden-actividades-escolares-en-capayan","status":"publish","type":"post","link":"https:\/\/diariorepublica.com.ar\/web\/index.php\/locales\/2023\/08\/22\/por-el-viento-zonda-suspenden-actividades-escolares-en-capayan\/","title":{"rendered":"Por el viento Zonda suspenden actividades escolares en Capay\u00e1n"},"content":{"rendered":"<p><span id=\"nota_contenido\"><span style=\"color: #000000;font-family: Arial, Helvetica, sans-serif\">Alrededor de las 03:00 de la madrugada de este martes, lleg\u00f3 un fuerte viento zonda y azot\u00f3 a los vecinos del Departamento Capay\u00e1n.<\/span><\/span><\/p>\n<p><span style=\"color: #000000;font-family: Arial, Helvetica, sans-serif\">Chumbicha y Las palmas fueron las m\u00e1s afectadas, reportando ca\u00edda de \u00e1rboles, voladuras de techos de chapa y el corte de energ\u00eda el\u00e9ctrica. Las autoridades decidieron suspender las actividades aulicas en el turno ma\u00f1ana.<\/span><\/p>\n","protected":false},"excerpt":{"rendered":"<p>Alrededor de las 03:00 de la madrugada de este martes, lleg\u00f3 un fuerte viento zonda y azot\u00f3 a los vecinos<\/p>\n","protected":false},"author":2,"featured_media":6740,"comment_status":"closed","ping_status":"closed","sticky":false,"template":"","format":"standard","meta":{"footnotes":"","jetpack_publicize_message":"","jetpack_publicize_feature_enabled":true,"jetpack_social_post_already_shared":true,"jetpack_social_options":{"image_generator_settings":{"template":"highway","enabled":false},"version":2}},"categories":[2],"tags":[],"class_list":["post-6739","post","type-post","status-publish","format-standard","has-post-thumbnail","hentry","category-locales"],"jetpack_publicize_connections":[],"_links":{"self":[{"href":"https:\/\/diariorepublica.com.ar\/web\/index.php\/wp-json\/wp\/v2\/posts\/6739"}],"collection":[{"href":"https:\/\/diariorepublica.com.ar\/web\/index.php\/wp-json\/wp\/v2\/posts"}],"about":[{"href":"https:\/\/diariorepublica.com.ar\/web\/index.php\/wp-json\/wp\/v2\/types\/post"}],"author":[{"embeddable":true,"href":"https:\/\/diariorepublica.com.ar\/web\/index.php\/wp-json\/wp\/v2\/users\/2"}],"replies":[{"embeddable":true,"href":"https:\/\/diariorepublica.com.ar\/web\/index.php\/wp-json\/wp\/v2\/comments?post=6739"}],"version-history":[{"count":1,"href":"https:\/\/diariorepublica.com.ar\/web\/index.php\/wp-json\/wp\/v2\/posts\/6739\/revisions"}],"predecessor-version":[{"id":6741,"href":"https:\/\/diariorepublica.com.ar\/web\/index.php\/wp-json\/wp\/v2\/posts\/6739\/revisions\/6741"}],"wp:featuredmedia":[{"embeddable":true,"href":"https:\/\/diariorepublica.com.ar\/web\/index.php\/wp-json\/wp\/v2\/media\/6740"}],"wp:attachment":[{"href":"https:\/\/diariorepublica.com.ar\/web\/index.php\/wp-json\/wp\/v2\/media?parent=6739"}],"wp:term":[{"taxonomy":"category","embeddable":true,"href":"https:\/\/diariorepublica.com.ar\/web\/index.php\/wp-json\/wp\/v2\/categories?post=6739"},{"taxonomy":"post_tag","embeddable":true,"href":"https:\/\/diariorepublica.com.ar\/web\/index.php\/wp-json\/wp\/v2\/tags?post=6739"}],"curies":[{"name":"wp","href":"https:\/\/api.w.org\/{rel}","templated":true}]}}