{"id":6743,"date":"2023-08-23T00:36:00","date_gmt":"2023-08-23T03:36:00","guid":{"rendered":"https:\/\/diariorepublica.com.ar\/web\/?p=6743"},"modified":"2023-08-23T07:37:49","modified_gmt":"2023-08-23T10:37:49","slug":"se-presento-el-mundial-de-rally-raid-en-catamarca","status":"publish","type":"post","link":"https:\/\/diariorepublica.com.ar\/web\/index.php\/locales\/2023\/08\/23\/se-presento-el-mundial-de-rally-raid-en-catamarca\/","title":{"rendered":"<strong>Se present\u00f3 el Mundial de Rally Raid en Catamarca<\/strong>"},"content":{"rendered":"<p style=\"font-weight: 400;\">Con presencia del ministro de Cultura, Turismo y Deporte de Catamarca, Roberto Brunello, el organizador de la 4ta fecha del Mundial de Rally Raid, David Eli y el secretario de Turismo de Bel\u00e9n, Nicol\u00e1s Reynoso, se present\u00f3 en este martes en la Sala Ezequiel Soria del Cine Teatro Catamarca, la 11\u00aa edici\u00f3n del Desaf\u00edo Ruta 40, competencia de car\u00e1cter internacional que visitar\u00e1 la provincia desde el martes 29 de agosto y por el transcurso de cuatro d\u00edas.<\/p>\n<p style=\"font-weight: 400;\">\u201cA esta fecha del mundial vendr\u00e1n los mejores pilotos de la actividad, est\u00e1n confirmados m\u00e1s de 100 participantes y es un n\u00famero que super\u00f3 nuestras expectativas, llevamos m\u00e1s de nueve meses trabajando para la realizaci\u00f3n de la carrera, ser\u00e1 una carrera muy buena, desde lo clim\u00e1tico por suerte no tendremos frio, adem\u00e1s, puedo asegurar antes de la realizaci\u00f3n de esta carrera que ya tenemos fecha para la edici\u00f3n 2024 del Desaf\u00edo Ruta 40\u201d, se\u00f1al\u00f3 David Eli de la organizaci\u00f3n.<\/p>\n<p style=\"font-weight: 400;\">Nicol\u00e1s Reynoso, de la Municipalidad de Bel\u00e9n, confirm\u00f3 la gran expectativa de llegada de turistas a la regi\u00f3n por la realizaci\u00f3n de la competencia. \u201cDesde el mes de febrero que est\u00e1 todo lleno Bel\u00e9n, hemos habilitado\u00a0casas familiares para la recepci\u00f3n de gente que est\u00e1 llamando esta semana para visitarnos. Es un gusto para nosotros recibir esta competencia que, a diferencia del Dakar que era de un d\u00eda, ser\u00e1 cuatro d\u00edas, esto nos insume una gran cantidad de log\u00edstica desde el municipio\u201d, concluy\u00f3.<\/p>\n<p style=\"font-weight: 400;\">A su turno, el ministro Brunello destac\u00f3: \u201cEste es un evento m\u00e1s de la gran cantidad de eventos deportivos convocantes que tenemos este a\u00f1o en Catamarca, este trabajo entre la organizaci\u00f3n, el municipio y el gobierno provincial es la mejor forma de hacer las cosas, esperamos una gran cantidad de visitantes en transcurso de la semana\u201d.<\/p>\n<p style=\"font-weight: 400;\">\n<p style=\"font-weight: 400;\"><strong>Datos a tener en cuenta<\/strong><\/p>\n<ul>\n<li style=\"font-weight: 400;\"><strong>Catamarca ser\u00e1 protagonista fundamental de este evento deportivo mundial<\/strong>\u00a0ya que, de las cinco etapas de carreras previstas, cuatro de ellas se correr\u00e1n en nuestra provincia, llegando la carrera a Bel\u00e9n el pr\u00f3ximo martes 29 de agosto para disputar cuatro d\u00edas de competencias antes de finalizar en Salta.<\/li>\n<\/ul>\n<p style=\"font-weight: 400;\">\n<ul>\n<li style=\"font-weight: 400;\"><strong>El campamento de la competencia en Catamarca tendr\u00e1 como sede al Polideportivo de Bel\u00e9n<\/strong>, lugar desde donde la carrera visitar\u00e1 lugares emblem\u00e1ticos como el Salar de Pipanaco, Campo del Arenal y las dunas de Fiambal\u00e1, entre otros.<\/li>\n<\/ul>\n<p style=\"font-weight: 400;\"><strong><u>\u00a0<\/u><\/strong><\/p>\n<ul style=\"font-weight: 400;\">\n<li><strong>Quedan 4\u00a0d\u00edas para la cuarta y pen\u00faltima carrera del campeonato<\/strong>, la 11a edici\u00f3n del\u00a0Desaf\u00edo\u00a0Ruta\u00a040\u00a0YPF en Argentina, que se llevar\u00e1 a cabo del 26 de agosto al 1 de septiembre.<\/li>\n<\/ul>\n<ul style=\"font-weight: 400;\">\n<li><strong>2.804 km repartidos en 5 etapas<\/strong>\u00a0entre La Rioja, Bel\u00e9n (Catamarca) y Salta esperan a los participantes\u00a0W2RC inscritos en la carrera que, incluyendo pilotos locales, cuenta con un total de 99 inscritos.<\/li>\n<\/ul>\n<ul style=\"font-weight: 400;\">\n<li>Entre los 15 participantes FIA del campeonato,\u00a0<strong>Nasser Al Attiyah (Toyota Gazoo Racing)<\/strong>\u00a0lidera la\u00a0clasificaci\u00f3n general con una ventaja de 30 puntos sobre\u00a0<strong>Yazeed Al Rajhi (Overdrive Racing)<\/strong>. Los\u00a0Hilux, primeros en la clasificaci\u00f3n de constructores, desafiar\u00e1n al doble vencedor y \u00faltimo ganador\u00a0<strong>Sebasti\u00e1n Halpern (X-raid Mini JCW)<\/strong>\u00a0frente a su p\u00fablico nacional.<\/li>\n<\/ul>\n<ul style=\"font-weight: 400;\">\n<li>\u00a0Entre los 24 participantes FIM del campeonato,\u00a0<strong>Toby Price (Red Bull KTM Factory Racing)<\/strong>\u00a0lidera la\u00a0clasificaci\u00f3n RallyGP con 7 puntos de ventaja sobre el local\u00a0<strong>Luciano Benavides (Husqvarna Factory\u00a0Racing)<\/strong>\u00a0y 9 puntos sobre\u00a0<strong>Adrien Van Beveren (Monster EnergyHonda)<\/strong>.\u00a0<strong>KTM\u00a0<\/strong>encabeza la clasificaci\u00f3n\u00a0de constructores con 113 puntos. Pero\u00a0<strong>Honda<\/strong>, segundo con 95 puntos, tendr\u00e1 una superioridad\u00a0num\u00e9rica. Los rojos tendr\u00e1n 4 pilotos oficiales contra 2 para los naranjas o\u00a0<strong>Hero MotoSports<\/strong>.\u00a0<strong>Husqvarna\u00a0<\/strong>y\u00a0<strong>GasGas\u00a0<\/strong>tendr\u00e1n un representante cada uno.<\/li>\n<\/ul>\n","protected":false},"excerpt":{"rendered":"<p>Con presencia del ministro de Cultura, Turismo y Deporte de Catamarca, Roberto Brunello, el organizador de la 4ta fecha del<\/p>\n","protected":false},"author":1,"featured_media":6744,"comment_status":"closed","ping_status":"closed","sticky":false,"template":"","format":"standard","meta":{"footnotes":"","jetpack_publicize_message":"","jetpack_publicize_feature_enabled":true,"jetpack_social_post_already_shared":true,"jetpack_social_options":{"image_generator_settings":{"template":"highway","enabled":false},"version":2}},"categories":[2],"tags":[],"class_list":["post-6743","post","type-post","status-publish","format-standard","has-post-thumbnail","hentry","category-locales"],"jetpack_publicize_connections":[],"_links":{"self":[{"href":"https:\/\/diariorepublica.com.ar\/web\/index.php\/wp-json\/wp\/v2\/posts\/6743"}],"collection":[{"href":"https:\/\/diariorepublica.com.ar\/web\/index.php\/wp-json\/wp\/v2\/posts"}],"about":[{"href":"https:\/\/diariorepublica.com.ar\/web\/index.php\/wp-json\/wp\/v2\/types\/post"}],"author":[{"embeddable":true,"href":"https:\/\/diariorepublica.com.ar\/web\/index.php\/wp-json\/wp\/v2\/users\/1"}],"replies":[{"embeddable":true,"href":"https:\/\/diariorepublica.com.ar\/web\/index.php\/wp-json\/wp\/v2\/comments?post=6743"}],"version-history":[{"count":1,"href":"https:\/\/diariorepublica.com.ar\/web\/index.php\/wp-json\/wp\/v2\/posts\/6743\/revisions"}],"predecessor-version":[{"id":6745,"href":"https:\/\/diariorepublica.com.ar\/web\/index.php\/wp-json\/wp\/v2\/posts\/6743\/revisions\/6745"}],"wp:featuredmedia":[{"embeddable":true,"href":"https:\/\/diariorepublica.com.ar\/web\/index.php\/wp-json\/wp\/v2\/media\/6744"}],"wp:attachment":[{"href":"https:\/\/diariorepublica.com.ar\/web\/index.php\/wp-json\/wp\/v2\/media?parent=6743"}],"wp:term":[{"taxonomy":"category","embeddable":true,"href":"https:\/\/diariorepublica.com.ar\/web\/index.php\/wp-json\/wp\/v2\/categories?post=6743"},{"taxonomy":"post_tag","embeddable":true,"href":"https:\/\/diariorepublica.com.ar\/web\/index.php\/wp-json\/wp\/v2\/tags?post=6743"}],"curies":[{"name":"wp","href":"https:\/\/api.w.org\/{rel}","templated":true}]}}