{"id":6746,"date":"2023-08-23T08:01:19","date_gmt":"2023-08-23T11:01:19","guid":{"rendered":"https:\/\/diariorepublica.com.ar\/web\/?p=6746"},"modified":"2023-08-23T08:01:23","modified_gmt":"2023-08-23T11:01:23","slug":"se-reune-la-comision-tripartita-para-la-igualdad-de-oportunidades-litio","status":"publish","type":"post","link":"https:\/\/diariorepublica.com.ar\/web\/index.php\/politica\/2023\/08\/23\/se-reune-la-comision-tripartita-para-la-igualdad-de-oportunidades-litio\/","title":{"rendered":"Se reune la Comisi\u00f3n Tripartita para la Igualdad de Oportunidades Litio"},"content":{"rendered":"<p>Hoy a partir de las 10:30, en el Polideportivo de Hualf\u00edn (Bel\u00e9n), se llevar\u00e1 a cabo la reuni\u00f3n de la subcomisi\u00f3n de Mujer y las Comunidades Originarias en el Litio y se presentar\u00e1n los alcances del Proyecto de la Estaci\u00f3n Hualf\u00edn &#8211; OVOP \u00abRuta del Telar\u00bb, que ser\u00e1 financiado con regal\u00edas mineras.<\/p>\n<p>Asimismo, el jueves 24 de agosto a partir de las 9:00 de la ma\u00f1ana tendr\u00e1 lugar la Asamblea Provincial de la Comisi\u00f3n Tripartita para la Igualdad de Oportunidades Litio (CTIO) en Antofagasta de la Sierra, con la participaci\u00f3n de representantes de Salta, Jujuy, Catamarca, Ministerio de Trabajo de la Naci\u00f3n y OIT. Tambi\u00e9n participar\u00e1n las C\u00e1maras Empresarias (Empresas Mineras y Proveedores Mineros), y Sindicatos relacionados a la Miner\u00eda.<\/p>\n<p>Este evento se desarrollar\u00e1 en el Club Juventud, en la Villa de Antofagasta de la Sierra, y se trabajar\u00e1 en las subcomisiones de: Formaci\u00f3n y capacitaci\u00f3n en el mundo del litio, rol de la mujer y las comunidades originarias en el sector del litio, y fortalecimiento de relaciones comunitarias a trav\u00e9s de la actividad minera.<\/p>\n","protected":false},"excerpt":{"rendered":"<p>Hoy a partir de las 10:30, en el Polideportivo de Hualf\u00edn (Bel\u00e9n), se llevar\u00e1 a cabo la reuni\u00f3n de la<\/p>\n","protected":false},"author":2,"featured_media":6747,"comment_status":"closed","ping_status":"closed","sticky":false,"template":"","format":"standard","meta":{"footnotes":"","jetpack_publicize_message":"","jetpack_publicize_feature_enabled":true,"jetpack_social_post_already_shared":true,"jetpack_social_options":{"image_generator_settings":{"template":"highway","enabled":false},"version":2}},"categories":[12],"tags":[],"class_list":["post-6746","post","type-post","status-publish","format-standard","has-post-thumbnail","hentry","category-politica"],"jetpack_publicize_connections":[],"_links":{"self":[{"href":"https:\/\/diariorepublica.com.ar\/web\/index.php\/wp-json\/wp\/v2\/posts\/6746"}],"collection":[{"href":"https:\/\/diariorepublica.com.ar\/web\/index.php\/wp-json\/wp\/v2\/posts"}],"about":[{"href":"https:\/\/diariorepublica.com.ar\/web\/index.php\/wp-json\/wp\/v2\/types\/post"}],"author":[{"embeddable":true,"href":"https:\/\/diariorepublica.com.ar\/web\/index.php\/wp-json\/wp\/v2\/users\/2"}],"replies":[{"embeddable":true,"href":"https:\/\/diariorepublica.com.ar\/web\/index.php\/wp-json\/wp\/v2\/comments?post=6746"}],"version-history":[{"count":1,"href":"https:\/\/diariorepublica.com.ar\/web\/index.php\/wp-json\/wp\/v2\/posts\/6746\/revisions"}],"predecessor-version":[{"id":6748,"href":"https:\/\/diariorepublica.com.ar\/web\/index.php\/wp-json\/wp\/v2\/posts\/6746\/revisions\/6748"}],"wp:featuredmedia":[{"embeddable":true,"href":"https:\/\/diariorepublica.com.ar\/web\/index.php\/wp-json\/wp\/v2\/media\/6747"}],"wp:attachment":[{"href":"https:\/\/diariorepublica.com.ar\/web\/index.php\/wp-json\/wp\/v2\/media?parent=6746"}],"wp:term":[{"taxonomy":"category","embeddable":true,"href":"https:\/\/diariorepublica.com.ar\/web\/index.php\/wp-json\/wp\/v2\/categories?post=6746"},{"taxonomy":"post_tag","embeddable":true,"href":"https:\/\/diariorepublica.com.ar\/web\/index.php\/wp-json\/wp\/v2\/tags?post=6746"}],"curies":[{"name":"wp","href":"https:\/\/api.w.org\/{rel}","templated":true}]}}