{"id":6765,"date":"2023-08-23T08:24:07","date_gmt":"2023-08-23T11:24:07","guid":{"rendered":"https:\/\/diariorepublica.com.ar\/web\/?p=6765"},"modified":"2023-08-23T08:24:11","modified_gmt":"2023-08-23T11:24:11","slug":"massa-se-reune-con-georgieva-en-washington","status":"publish","type":"post","link":"https:\/\/diariorepublica.com.ar\/web\/index.php\/economia\/2023\/08\/23\/massa-se-reune-con-georgieva-en-washington\/","title":{"rendered":"Massa se re\u00fane con Georgieva en Washington"},"content":{"rendered":"<p>El\u00a0ministro de Econom\u00eda, Sergio Massa\u00a0sigue adelante con su agenda carga en su\u00a0<strong>gira por los Estados Unidos<\/strong>\u00a0y este mi\u00e9rcoles se re\u00fane\u00a0 en la ciudad de Washington con la directora gerente del\u00a0Fondo Monetario Internacional (FMI), Kristalina Georgieva.<\/p>\n<p>El ministro argentino se mostr\u00f3 confiado ayer en que la Argentina lograr\u00e1 los desembolsos programados y el pa\u00eds proceder\u00e1 luego a devolver los pr\u00e9stamos solicitados a<strong>\u00a0Qatar, China\u00a0<\/strong>y a la<strong>\u00a0CAF<\/strong>, para poder hacer frente a los vencimientos con el\u00a0<strong>FMI<\/strong>, antes de que se formalicen la quinta y la sexta revisi\u00f3n del\u00a0<strong>Acuerdo de Facilidades Ampliadas (EFF) firmado con el FMI.<\/strong><\/p>\n<p>De acuerdo con la agenda oficial, antes del encuentro con\u00a0<strong>Kristalina Georgieva<\/strong>, que ser\u00e1 por la tarde, el ministro de Econom\u00eda y candidato presidencial de<strong>\u00a0Uni\u00f3n por la Patria\u00a0<\/strong>se reunir\u00e1 con el\u00a0<strong>subsecretario de Estado para Asuntos del Hemisferio Occidental del Departamento de Estado de los Estados Unidos, Brian Nichols<\/strong>.<\/p>\n<div class=\"relative flex items-center justify-center\">\n<div class=\"z-10\"><\/div>\n<\/div>\n<p>El encuentro con\u00a0<strong>Georgieva<\/strong>\u00a0se concreta en la misma jornada en la que<strong>\u00a0el Directorio del FMI se re\u00fane para aprobar las revisiones quinta y sexta del Acuerdo de Facilidades Extendidas (EFF) alcanzado por el personal t\u00e9cnico del organismo y funcionaros del Palacio de Hacienda, el 28 de julio \u00faltimo.<\/strong><\/p>\n<p>El<strong>\u00a0Fondo\u00a0<\/strong>confirm\u00f3 oficialmente que, una vez concluida la revisi\u00f3n, la Argentina\u00a0<strong>\u00abtendr\u00e1 acceso a cerca de US$ 7.500 millones\u00bb.<\/strong><\/p>\n","protected":false},"excerpt":{"rendered":"<p>El\u00a0ministro de Econom\u00eda, Sergio Massa\u00a0sigue adelante con su agenda carga en su\u00a0gira por los Estados Unidos\u00a0y este mi\u00e9rcoles se re\u00fane\u00a0<\/p>\n","protected":false},"author":1,"featured_media":6766,"comment_status":"closed","ping_status":"closed","sticky":false,"template":"","format":"standard","meta":{"footnotes":"","jetpack_publicize_message":"","jetpack_publicize_feature_enabled":true,"jetpack_social_post_already_shared":true,"jetpack_social_options":{"image_generator_settings":{"template":"highway","enabled":false},"version":2}},"categories":[5],"tags":[],"class_list":["post-6765","post","type-post","status-publish","format-standard","has-post-thumbnail","hentry","category-economia"],"jetpack_publicize_connections":[],"_links":{"self":[{"href":"https:\/\/diariorepublica.com.ar\/web\/index.php\/wp-json\/wp\/v2\/posts\/6765"}],"collection":[{"href":"https:\/\/diariorepublica.com.ar\/web\/index.php\/wp-json\/wp\/v2\/posts"}],"about":[{"href":"https:\/\/diariorepublica.com.ar\/web\/index.php\/wp-json\/wp\/v2\/types\/post"}],"author":[{"embeddable":true,"href":"https:\/\/diariorepublica.com.ar\/web\/index.php\/wp-json\/wp\/v2\/users\/1"}],"replies":[{"embeddable":true,"href":"https:\/\/diariorepublica.com.ar\/web\/index.php\/wp-json\/wp\/v2\/comments?post=6765"}],"version-history":[{"count":1,"href":"https:\/\/diariorepublica.com.ar\/web\/index.php\/wp-json\/wp\/v2\/posts\/6765\/revisions"}],"predecessor-version":[{"id":6767,"href":"https:\/\/diariorepublica.com.ar\/web\/index.php\/wp-json\/wp\/v2\/posts\/6765\/revisions\/6767"}],"wp:featuredmedia":[{"embeddable":true,"href":"https:\/\/diariorepublica.com.ar\/web\/index.php\/wp-json\/wp\/v2\/media\/6766"}],"wp:attachment":[{"href":"https:\/\/diariorepublica.com.ar\/web\/index.php\/wp-json\/wp\/v2\/media?parent=6765"}],"wp:term":[{"taxonomy":"category","embeddable":true,"href":"https:\/\/diariorepublica.com.ar\/web\/index.php\/wp-json\/wp\/v2\/categories?post=6765"},{"taxonomy":"post_tag","embeddable":true,"href":"https:\/\/diariorepublica.com.ar\/web\/index.php\/wp-json\/wp\/v2\/tags?post=6765"}],"curies":[{"name":"wp","href":"https:\/\/api.w.org\/{rel}","templated":true}]}}