{"id":6783,"date":"2023-08-23T08:45:11","date_gmt":"2023-08-23T11:45:11","guid":{"rendered":"https:\/\/diariorepublica.com.ar\/web\/?p=6783"},"modified":"2023-08-23T08:45:13","modified_gmt":"2023-08-23T11:45:13","slug":"la-propuesta-de-milei-es-de-muy-dificil-aplicacion","status":"publish","type":"post","link":"https:\/\/diariorepublica.com.ar\/web\/index.php\/politica\/2023\/08\/23\/la-propuesta-de-milei-es-de-muy-dificil-aplicacion\/","title":{"rendered":"\u201cLa propuesta de Milei es de muy dif\u00edcil aplicaci\u00f3n\u201d"},"content":{"rendered":"<p>El rector de la Universidad Nacional de Catamarca, Oscar Arellano, en dialogo con FM REPUBLICA 103.1,\u00a0 se refiri\u00f3 a la gratuidad de la educaci\u00f3n, uno de los temas que puso en discusi\u00f3n el candidato presidencial de La Libertad Avanza (LLA), Javier Milei, quien propone la aplicaci\u00f3n de un sistema de vouchers que fue implementado en pocos pa\u00edses y con resultados poco satisfactorios en la calidad educativa, adem\u00e1s de provocar un elevado nivel de endeudamiento para las familias.<\/p>\n<p>El sistema de vouchers no es una novedad: fue desarrollado en la d\u00e9cada del &#8217;60 por el economista estadounidense Milton Friedman, uno de los principales autores que sigue el economista libertario y se implement\u00f3 en pa\u00edses como Chile, Nicaragua, Suecia y Nueva Zelanda.<\/p>\n<p>Arellano expres\u00f3 que \u201cpensar la educaci\u00f3n como un bien meramente comercial ya lo hizo Menem en los a\u00f1os \u201990, cuando con Cavallo planteaba que era un bien comerciable\u201d.<\/p>\n<p>Arellano plante\u00f3 el siguiente c\u00e1lculo: \u201cLo traigo a Catamarca y la pregunta y la reflexi\u00f3n que tenemos que hacer los catamarque\u00f1os es si la Universidad ha servido para el desarrollo de Catamarca, ha posibilitado el desarrollo y el crecimiento de muchos profesionales\u201d. Contest\u00f3 a este interrogante de manera contundente: \u201cNo hubi\u00e9ramos tenido alternativa y me incluyo, de desarrollo y crecimiento si no hubiera sido por los estudios universitarios tal como hoy lo concebimos, p\u00fablico, gratuito y de calidad\u201d.<\/p>\n","protected":false},"excerpt":{"rendered":"<p>El rector de la Universidad Nacional de Catamarca, Oscar Arellano, en dialogo con FM REPUBLICA 103.1,\u00a0 se refiri\u00f3 a la<\/p>\n","protected":false},"author":2,"featured_media":6784,"comment_status":"closed","ping_status":"closed","sticky":false,"template":"","format":"standard","meta":{"footnotes":"","jetpack_publicize_message":"","jetpack_publicize_feature_enabled":true,"jetpack_social_post_already_shared":true,"jetpack_social_options":{"image_generator_settings":{"template":"highway","enabled":false},"version":2}},"categories":[12],"tags":[],"class_list":["post-6783","post","type-post","status-publish","format-standard","has-post-thumbnail","hentry","category-politica"],"jetpack_publicize_connections":[],"_links":{"self":[{"href":"https:\/\/diariorepublica.com.ar\/web\/index.php\/wp-json\/wp\/v2\/posts\/6783"}],"collection":[{"href":"https:\/\/diariorepublica.com.ar\/web\/index.php\/wp-json\/wp\/v2\/posts"}],"about":[{"href":"https:\/\/diariorepublica.com.ar\/web\/index.php\/wp-json\/wp\/v2\/types\/post"}],"author":[{"embeddable":true,"href":"https:\/\/diariorepublica.com.ar\/web\/index.php\/wp-json\/wp\/v2\/users\/2"}],"replies":[{"embeddable":true,"href":"https:\/\/diariorepublica.com.ar\/web\/index.php\/wp-json\/wp\/v2\/comments?post=6783"}],"version-history":[{"count":1,"href":"https:\/\/diariorepublica.com.ar\/web\/index.php\/wp-json\/wp\/v2\/posts\/6783\/revisions"}],"predecessor-version":[{"id":6785,"href":"https:\/\/diariorepublica.com.ar\/web\/index.php\/wp-json\/wp\/v2\/posts\/6783\/revisions\/6785"}],"wp:featuredmedia":[{"embeddable":true,"href":"https:\/\/diariorepublica.com.ar\/web\/index.php\/wp-json\/wp\/v2\/media\/6784"}],"wp:attachment":[{"href":"https:\/\/diariorepublica.com.ar\/web\/index.php\/wp-json\/wp\/v2\/media?parent=6783"}],"wp:term":[{"taxonomy":"category","embeddable":true,"href":"https:\/\/diariorepublica.com.ar\/web\/index.php\/wp-json\/wp\/v2\/categories?post=6783"},{"taxonomy":"post_tag","embeddable":true,"href":"https:\/\/diariorepublica.com.ar\/web\/index.php\/wp-json\/wp\/v2\/tags?post=6783"}],"curies":[{"name":"wp","href":"https:\/\/api.w.org\/{rel}","templated":true}]}}