{"id":6811,"date":"2023-08-24T00:14:00","date_gmt":"2023-08-24T03:14:00","guid":{"rendered":"https:\/\/diariorepublica.com.ar\/web\/?p=6811"},"modified":"2023-08-24T08:15:47","modified_gmt":"2023-08-24T11:15:47","slug":"yevgeny-prigozhin-lider-del-grupo-wagner-murio-en-un-accidente-de-avion","status":"publish","type":"post","link":"https:\/\/diariorepublica.com.ar\/web\/index.php\/internacionales\/2023\/08\/24\/yevgeny-prigozhin-lider-del-grupo-wagner-murio-en-un-accidente-de-avion\/","title":{"rendered":"Yevgeny Prigozhin, l\u00edder del grupo Wagner, muri\u00f3 en un accidente de  avi\u00f3n"},"content":{"rendered":"<p>Un avi\u00f3n en el que se encontraba el l\u00edder del grupo de mercenarios\u00a0<strong>Wagner<\/strong>,\u00a0<strong>Yevgeny Prigozhin<\/strong>\u00a0se estrell\u00f3\u00a0<strong>prendi\u00e9ndose fuego,<\/strong>\u00a0seg\u00fan medios rusos.\u00a0<strong>Hay diez v\u00edctimas hasta el momento<\/strong>\u00a0tras el accidente de la aeronave privada. La\u00a0<strong>Autoridad de Aviaci\u00f3n Civil de Rusia\u00a0<\/strong>confirm\u00f3 que<strong>\u00a0el l\u00edder de los mercenarios estaba en la lista de pasajeros. Prigozhin<\/strong>\u00a0particip\u00f3 recientemente del levantamiento en Mosc\u00fa contra el Ministerio de Defensa ruso que puso en crisis al gobierno de\u00a0<strong>Vlad\u00edmir Putin<\/strong>\u00a0y al\u00a0<strong>Kremlin<\/strong>\u00a0de conjunto.<\/p>\n<p>El avi\u00f3n se estrell\u00f3, supuestamente,\u00a0<strong>en la regi\u00f3n de Tver,<\/strong>\u00a0que se ubica al norte de Mosc\u00fa.\u00a0<strong>Tres de las personas que murieron eran parte de la tripulaci\u00f3n.<\/strong>\u00a0Desde distintos puntos del mundo hab\u00edan varias especulaciones sobre su paradero luego de dirigir un intento de\u00a0<strong>levantamiento contra el Ministerio de Defensa ruso.\u00a0<\/strong><\/p>\n<p>La aeronave era un<strong>\u00a0jet privado de fabricaci\u00f3n china Embraer<\/strong>\u00a0que ten\u00eda diez pasajeros a bordo, por lo cual no hubieron sobrevivientes. La agencia de aviaci\u00f3n civil\u00a0<strong>Rossaviatsia<\/strong>\u00a0confirm\u00f3 que\u00a0<strong>Prigozhin<\/strong>\u00a0era una de las personas que se encontraban dentro.<\/p>\n<p><strong>\u00abSe abri\u00f3 una investigaci\u00f3n sobre el accidente del avi\u00f3n Embraer, ocurrido esta noche en la regi\u00f3n de Tver. Seg\u00fan la lista de pasajeros, entre ellos figura el nombre y apellido de Yevgeny Prigozhin\u00bb,<\/strong>\u00a0indicaron.<\/p>\n<p><strong>\u00abSeg\u00fan datos preliminares, todos los que iban a bordo han muerto\u00bb<\/strong>, declar\u00f3 el Ministerio para Situaciones de Emergencia. El jet privado<strong>\u00a0Embraer Legacy\u00a0<\/strong>registrado a nombre de\u00a0<strong>Prigozhin<\/strong>\u00a0a una altitud de crucero sobre la regi\u00f3n de Tver tras salir de un aeropuerto de Mosc\u00fa, antes de que se detuviera la transmisi\u00f3n de datos de velocidad y altitud.<\/p>\n","protected":false},"excerpt":{"rendered":"<p>Un avi\u00f3n en el que se encontraba el l\u00edder del grupo de mercenarios\u00a0Wagner,\u00a0Yevgeny Prigozhin\u00a0se estrell\u00f3\u00a0prendi\u00e9ndose fuego,\u00a0seg\u00fan medios rusos.\u00a0Hay diez v\u00edctimas<\/p>\n","protected":false},"author":1,"featured_media":6812,"comment_status":"closed","ping_status":"closed","sticky":false,"template":"","format":"standard","meta":{"footnotes":"","jetpack_publicize_message":"","jetpack_publicize_feature_enabled":true,"jetpack_social_post_already_shared":true,"jetpack_social_options":{"image_generator_settings":{"template":"highway","enabled":false},"version":2}},"categories":[6],"tags":[],"class_list":["post-6811","post","type-post","status-publish","format-standard","has-post-thumbnail","hentry","category-internacionales"],"jetpack_publicize_connections":[],"_links":{"self":[{"href":"https:\/\/diariorepublica.com.ar\/web\/index.php\/wp-json\/wp\/v2\/posts\/6811"}],"collection":[{"href":"https:\/\/diariorepublica.com.ar\/web\/index.php\/wp-json\/wp\/v2\/posts"}],"about":[{"href":"https:\/\/diariorepublica.com.ar\/web\/index.php\/wp-json\/wp\/v2\/types\/post"}],"author":[{"embeddable":true,"href":"https:\/\/diariorepublica.com.ar\/web\/index.php\/wp-json\/wp\/v2\/users\/1"}],"replies":[{"embeddable":true,"href":"https:\/\/diariorepublica.com.ar\/web\/index.php\/wp-json\/wp\/v2\/comments?post=6811"}],"version-history":[{"count":1,"href":"https:\/\/diariorepublica.com.ar\/web\/index.php\/wp-json\/wp\/v2\/posts\/6811\/revisions"}],"predecessor-version":[{"id":6813,"href":"https:\/\/diariorepublica.com.ar\/web\/index.php\/wp-json\/wp\/v2\/posts\/6811\/revisions\/6813"}],"wp:featuredmedia":[{"embeddable":true,"href":"https:\/\/diariorepublica.com.ar\/web\/index.php\/wp-json\/wp\/v2\/media\/6812"}],"wp:attachment":[{"href":"https:\/\/diariorepublica.com.ar\/web\/index.php\/wp-json\/wp\/v2\/media?parent=6811"}],"wp:term":[{"taxonomy":"category","embeddable":true,"href":"https:\/\/diariorepublica.com.ar\/web\/index.php\/wp-json\/wp\/v2\/categories?post=6811"},{"taxonomy":"post_tag","embeddable":true,"href":"https:\/\/diariorepublica.com.ar\/web\/index.php\/wp-json\/wp\/v2\/tags?post=6811"}],"curies":[{"name":"wp","href":"https:\/\/api.w.org\/{rel}","templated":true}]}}