{"id":6935,"date":"2023-08-30T06:58:39","date_gmt":"2023-08-30T09:58:39","guid":{"rendered":"https:\/\/diariorepublica.com.ar\/web\/?p=6935"},"modified":"2023-08-30T06:58:40","modified_gmt":"2023-08-30T09:58:40","slug":"elecciones-de-ate-recreo-jose-herrera-resulto-reelecto-en-la-secretaria-local","status":"publish","type":"post","link":"https:\/\/diariorepublica.com.ar\/web\/index.php\/sociedad\/2023\/08\/30\/elecciones-de-ate-recreo-jose-herrera-resulto-reelecto-en-la-secretaria-local\/","title":{"rendered":"Elecciones de ATE Recreo: Jose Herrera result\u00f3 reelecto en la secretar\u00eda local"},"content":{"rendered":"<p>Tras el esc\u00e1ndalo que se vivi\u00f3 el pasado 9 de agosto en las elecciones gremiales de ATE en la localidad de Recreo, departamento La Paz, finalmente ayer se concretaron los comicios en la localidad pace\u00f1a.<\/p>\n<p>Desde la Junta Electoral confirmaron que Jos\u00e9 \u00abTorito\u00bb Herrera logr\u00f3 el triunfo y se asegur\u00f3 un nuevo mandato como representante sindical en Recreo. Ricardo Ar\u00e9valo, en tanto, se alz\u00f3 con la victoria en la categor\u00eda de secretario general.<\/p>\n<p>\u00abPara nosotros es un d\u00eda magnifico, en donde podemos decir y celebrar este triunfo contundente que hemos llevado desde el 9 de agosto a la fecha en toda la provincia\u00bb se\u00f1al\u00f3 el reelecto Jose Herrera<\/p>\n","protected":false},"excerpt":{"rendered":"<p>Tras el esc\u00e1ndalo que se vivi\u00f3 el pasado 9 de agosto en las elecciones gremiales de ATE en la localidad<\/p>\n","protected":false},"author":2,"featured_media":6936,"comment_status":"closed","ping_status":"closed","sticky":false,"template":"","format":"standard","meta":{"footnotes":"","jetpack_publicize_message":"","jetpack_publicize_feature_enabled":true,"jetpack_social_post_already_shared":true,"jetpack_social_options":{"image_generator_settings":{"template":"highway","enabled":false},"version":2}},"categories":[3],"tags":[],"class_list":["post-6935","post","type-post","status-publish","format-standard","has-post-thumbnail","hentry","category-sociedad"],"jetpack_publicize_connections":[],"_links":{"self":[{"href":"https:\/\/diariorepublica.com.ar\/web\/index.php\/wp-json\/wp\/v2\/posts\/6935"}],"collection":[{"href":"https:\/\/diariorepublica.com.ar\/web\/index.php\/wp-json\/wp\/v2\/posts"}],"about":[{"href":"https:\/\/diariorepublica.com.ar\/web\/index.php\/wp-json\/wp\/v2\/types\/post"}],"author":[{"embeddable":true,"href":"https:\/\/diariorepublica.com.ar\/web\/index.php\/wp-json\/wp\/v2\/users\/2"}],"replies":[{"embeddable":true,"href":"https:\/\/diariorepublica.com.ar\/web\/index.php\/wp-json\/wp\/v2\/comments?post=6935"}],"version-history":[{"count":1,"href":"https:\/\/diariorepublica.com.ar\/web\/index.php\/wp-json\/wp\/v2\/posts\/6935\/revisions"}],"predecessor-version":[{"id":6937,"href":"https:\/\/diariorepublica.com.ar\/web\/index.php\/wp-json\/wp\/v2\/posts\/6935\/revisions\/6937"}],"wp:featuredmedia":[{"embeddable":true,"href":"https:\/\/diariorepublica.com.ar\/web\/index.php\/wp-json\/wp\/v2\/media\/6936"}],"wp:attachment":[{"href":"https:\/\/diariorepublica.com.ar\/web\/index.php\/wp-json\/wp\/v2\/media?parent=6935"}],"wp:term":[{"taxonomy":"category","embeddable":true,"href":"https:\/\/diariorepublica.com.ar\/web\/index.php\/wp-json\/wp\/v2\/categories?post=6935"},{"taxonomy":"post_tag","embeddable":true,"href":"https:\/\/diariorepublica.com.ar\/web\/index.php\/wp-json\/wp\/v2\/tags?post=6935"}],"curies":[{"name":"wp","href":"https:\/\/api.w.org\/{rel}","templated":true}]}}