{"id":6995,"date":"2023-08-30T11:22:52","date_gmt":"2023-08-30T14:22:52","guid":{"rendered":"https:\/\/diariorepublica.com.ar\/web\/?p=6995"},"modified":"2023-08-30T11:22:57","modified_gmt":"2023-08-30T14:22:57","slug":"dusso-estamos-haciendo-mas-infraestructura-que-nunca-pero-falta-mucho-mas-por-hacer","status":"publish","type":"post","link":"https:\/\/diariorepublica.com.ar\/web\/index.php\/locales\/2023\/08\/30\/dusso-estamos-haciendo-mas-infraestructura-que-nunca-pero-falta-mucho-mas-por-hacer\/","title":{"rendered":"<strong>Dusso: \u201cEstamos haciendo m\u00e1s infraestructura que nunca, pero falta mucho m\u00e1s por hacer\u201d<\/strong>"},"content":{"rendered":"<p>Este martes se realiz\u00f3 en el Centro Cultural Kirchner (CCK) de Buenos Aires, con la presencia catamarque\u00f1a del vicegobernador Rub\u00e9n Dusso y el ministro de Agua, Energ\u00eda y Medio Ambiente, Lucas Zampieri, el Congreso Nacional del Agua (CONAGUA), organizado por el Instituto Nacional del Agua (INA) del Ministerio de Obras P\u00fablicas de la Naci\u00f3n (MOP).<\/p>\n<p>Con la presencia del presidente, Alberto Fern\u00e1ndez, el ministro de Obras P\u00fablicas de la Naci\u00f3n, Gabriel Katopodis, la gobernadora de Santa Cruz, Alicia Kirchner; el gobernador de La Pampa, Sergio Ziliotto; el vicegobernador de Catamarca, Rub\u00e9n Dusso; y de forma virtual el gobernador de Santiago \u00a0del Estero, Gerardo Zamora, se concret\u00f3 as\u00ed la XXVII\u00aa Edici\u00f3n de este Congreso Nacional, bajo el lema \u201cHacia una gesti\u00f3n sostenible e inclusiva\u201d, congregando a gobernadores y gobernadoras, autoridades provinciales y municipales, junto a profesionales del pa\u00eds y de Am\u00e9rica Latina.<\/p>\n<p>El vicegobernador catamarque\u00f1o expuso durante el conversatorio, moderado por el ministro de Obras P\u00fablicas. Y, junto a las intervenciones de las y los diferentes participantes, Dusso firm\u00f3 junto a sus pares de las provincias participantes, un importante documento relacionado con los recursos h\u00eddricos y las acciones conjuntas a desarrollar.<\/p>\n<p>La cobertura nacional de acceso al agua creci\u00f3 del 80,2% en 2019 al 86,7% en 2023 y el saneamiento del 56,1% al 64,3%; adem\u00e1s, en l\u00ednea con los Objetivos de Desarrollo Sostenible 2030 y los compromisos clim\u00e1ticos nacionales, se realizaron 1.337 obras de agua y saneamiento e h\u00eddricas que aportan a la adaptaci\u00f3n al cambio climatice y se invirtieron 497.025 millones de pesos.<\/p>\n<p>Seg\u00fan el ministro Katopodis; \u201cEl pacto fortalecer\u00e1 la gesti\u00f3n federal e integrada del recurso h\u00eddrico\u00a0tomando a los comit\u00e9s de cuenca interjurisdiccionales como \u00e1mbito de gesti\u00f3n y articulaci\u00f3n federal. Con esto, se busca avanzar en la equidad social y la sostenibilidad ambiental en el manejo del agua\u201d.<\/p>\n<p>Al momento de hacer uso de la palabra, el vicegobernador Dusso, agradeci\u00f3 la presencia de todas y todos as\u00ed como la \u201ccontinuidad de los espacios de di\u00e1logo para construir soluciones en conjunto\u201d. Seguidamente, abord\u00f3 en su intervenci\u00f3n sobre la importancia del federalismo en la conformaci\u00f3n tanto del pa\u00eds como en el logro de obras de infraestructura, haciendo hincapi\u00e9 en que \u201cno existe ninguna posibilidad de una revoluci\u00f3n productiva sin contar con la infraestructura necesaria para tal fin. En este momento se hace mucha infraestructura, de hecho estamos haciendo m\u00e1s infraestructura que nunca con la participaci\u00f3n de las provincias. Pero falta mucho m\u00e1s por hacer. Hay que romper todas las asimetr\u00edas, hay que hacer m\u00e1s y mejor contenci\u00f3n y provisi\u00f3n de las pol\u00edticas de Estado, porque, si defender este recurso es una pol\u00edtica de Estado, no pueden faltar los medidores que sean de fabricaci\u00f3n nacional. Entonces, se promueve la industria nacional para que eso ocurra\u201d.<\/p>\n<p>\u201cNosotros estamos en una provincia minera y vemos que el desarrollo se ve afectado porque las m\u00e1quinas perforadoras no est\u00e1n. Vaca Muerta podr\u00eda ir mucho m\u00e1s r\u00e1pido si las m\u00e1quinas perforadoras se fabricar\u00e1n en la Argentina. Tenemos la industria metal-mec\u00e1nica que es una de las m\u00e1s pr\u00f3speras y pujante del pa\u00eds, tenemos sat\u00e9lites en el espacio. Entonces las pol\u00edticas de Estado tienen que contener todo el abanico que hace que sea posible realizar esa pol\u00edtica\u201d, expres\u00f3 Dusso, quien tambi\u00e9n mencion\u00f3 desaf\u00edos futuros como la electromovilidad, se\u00f1alando que \u201cpara adelante necesitamos una Ley de Electromovilidad que hable de c\u00f3mo se realiza el cambio de los motores de combusti\u00f3n a combustibles f\u00f3siles a bater\u00edas de litio\u201d.<\/p>\n<p>\u201cHace falta producir y ser parte de todos los elementos de la cadena que permiten que haya un equilibrio en la producci\u00f3n y en el uso y sostenimiento de los recursos. Nosotros estamos muy agradecidos con las pol\u00edticas del gobierno nacional que nos han permitido que realicemos muchos avances y obras para cambiar radicalmente la pol\u00edtica de saneamiento y aprovechamiento del recurso\u201d.<\/p>\n","protected":false},"excerpt":{"rendered":"<p>Este martes se realiz\u00f3 en el Centro Cultural Kirchner (CCK) de Buenos Aires, con la presencia catamarque\u00f1a del vicegobernador Rub\u00e9n<\/p>\n","protected":false},"author":1,"featured_media":6996,"comment_status":"closed","ping_status":"closed","sticky":false,"template":"","format":"standard","meta":{"footnotes":"","jetpack_publicize_message":"","jetpack_publicize_feature_enabled":true,"jetpack_social_post_already_shared":true,"jetpack_social_options":{"image_generator_settings":{"template":"highway","enabled":false},"version":2}},"categories":[2],"tags":[],"class_list":["post-6995","post","type-post","status-publish","format-standard","has-post-thumbnail","hentry","category-locales"],"jetpack_publicize_connections":[],"_links":{"self":[{"href":"https:\/\/diariorepublica.com.ar\/web\/index.php\/wp-json\/wp\/v2\/posts\/6995"}],"collection":[{"href":"https:\/\/diariorepublica.com.ar\/web\/index.php\/wp-json\/wp\/v2\/posts"}],"about":[{"href":"https:\/\/diariorepublica.com.ar\/web\/index.php\/wp-json\/wp\/v2\/types\/post"}],"author":[{"embeddable":true,"href":"https:\/\/diariorepublica.com.ar\/web\/index.php\/wp-json\/wp\/v2\/users\/1"}],"replies":[{"embeddable":true,"href":"https:\/\/diariorepublica.com.ar\/web\/index.php\/wp-json\/wp\/v2\/comments?post=6995"}],"version-history":[{"count":1,"href":"https:\/\/diariorepublica.com.ar\/web\/index.php\/wp-json\/wp\/v2\/posts\/6995\/revisions"}],"predecessor-version":[{"id":6997,"href":"https:\/\/diariorepublica.com.ar\/web\/index.php\/wp-json\/wp\/v2\/posts\/6995\/revisions\/6997"}],"wp:featuredmedia":[{"embeddable":true,"href":"https:\/\/diariorepublica.com.ar\/web\/index.php\/wp-json\/wp\/v2\/media\/6996"}],"wp:attachment":[{"href":"https:\/\/diariorepublica.com.ar\/web\/index.php\/wp-json\/wp\/v2\/media?parent=6995"}],"wp:term":[{"taxonomy":"category","embeddable":true,"href":"https:\/\/diariorepublica.com.ar\/web\/index.php\/wp-json\/wp\/v2\/categories?post=6995"},{"taxonomy":"post_tag","embeddable":true,"href":"https:\/\/diariorepublica.com.ar\/web\/index.php\/wp-json\/wp\/v2\/tags?post=6995"}],"curies":[{"name":"wp","href":"https:\/\/api.w.org\/{rel}","templated":true}]}}