{"id":6998,"date":"2023-08-30T11:24:11","date_gmt":"2023-08-30T14:24:11","guid":{"rendered":"https:\/\/diariorepublica.com.ar\/web\/?p=6998"},"modified":"2023-08-30T11:24:13","modified_gmt":"2023-08-30T14:24:13","slug":"catamarca-ya-vive-el-desafio-ruta-40","status":"publish","type":"post","link":"https:\/\/diariorepublica.com.ar\/web\/index.php\/deportes\/2023\/08\/30\/catamarca-ya-vive-el-desafio-ruta-40\/","title":{"rendered":"<strong>Catamarca\u00a0ya vive el Desaf\u00edo Ruta 40<\/strong>"},"content":{"rendered":"<p style=\"font-weight: 400;\">El Desaf\u00edo Ruta 40, fecha del Campeonato Mundial de Rally Raid, ingres\u00f3 a Catamarca el martes 29 para visitar primeramente la ciudad de Andalgal\u00e1 donde fue recibido por una gran cantidad de personas en la Plaza 9 de Julio; y luego la ciudad de Bel\u00e9n, donde se instal\u00f3 en el vivac ubicado en el Polideportivo y har\u00e1 campamento hasta el pr\u00f3ximo viernes cuando se dirija a Salta para el d\u00eda final de carrera.<\/p>\n<p style=\"font-weight: 400;\">Bel\u00e9n recibe as\u00ed a toda la caravana de la carrera integrada por m\u00e1s de mil quinientas personas que durante cuatro d\u00edas convivir\u00e1n en el complejo Famayfil donde se arm\u00f3 esta ciudad deportiva con la presencia de participantes, mec\u00e1nicos, acompa\u00f1antes, y gente de la organizaci\u00f3n.<\/p>\n<p style=\"font-weight: 400;\">La jornada termin\u00f3 con la entrega de premios de los ganadores de la etapa donde participaron el ministro de Cultura, Turismo y Deporte, Roberto Brunello y el intendente de Bel\u00e9n, Daniel R\u00edos.<\/p>\n<p style=\"font-weight: 400;\">\n<p style=\"font-weight: 400;\"><strong>Lo deportivo<\/strong><\/p>\n<p style=\"font-weight: 400;\">El Desaf\u00edo Ruta 40 YPF lleg\u00f3 a Bel\u00e9n y ya se ve reflejada la dificultad del terreno. La Etapa 2 que uni\u00f3 La Rioja-Bel\u00e9n (340km de especial) fue sensiblemente m\u00e1s corta que la primera jornada, pero con mucha m\u00e1s complejidad tanto para encontrar el rumbo correcto como para cuidar las m\u00e1quinas. El especial inici\u00f3 con un camino que se intern\u00f3 en un salar muy veloz, pero con muchas huellas para luego darle el paso a las primeras dunas, de baja altura y con vegetaci\u00f3n, para finalmente transitar por una huella muy rota y terminar -ya en la segunda secci\u00f3n- por los famosos r\u00edos secos de Bel\u00e9n. Por supuesto, no pasaron muchos kil\u00f3metros para que este tramo se cobrara las primeras v\u00edctimas de la competencia.<\/p>\n<p style=\"font-weight: 400;\">Juan Cruz Yacopini-Daniel Oliveras (Overdrive Racing) se quedaron con la victoria en la dur\u00edsima etapa. El piloto mendocino se mantuvo lejos de cualquier problema y fue avanzando en el camino hasta superar a todos los autos, incluyendo a Nasser Al Attiyah-Matthieu Baumel (Toyota Gazoo Racing) por 10\u00b442. Se trata de la primera victoria de etapa en una carrera del W2RC para el competidor argentino. Por su parte, el piloto qatar\u00ed tuvo m\u00faltiples problemas en su Toyota GR DKR Hilux, aunque conserva su liderazgo en la general de DR40.<\/p>\n<p style=\"font-weight: 400;\">En Motos, nadie pudo con el ganador de ayer, Tosha Schereina (Honda Team), que a pesar de abrir pista logr\u00f3 mantenerse adelante y domina en la General con 2:22 de ventaja sobre Luciano Benavides (Husqvarna Factory Racing). El argentino igualmente hizo un buen negocio ya que se mantiene adelante mientras que Toby Price (Red Bull KTM Factory Racing) sufri\u00f3 con su moto.<\/p>\n<p style=\"font-weight: 400;\">En Quads, Francisco Moreno (Yamaha) se impuso en el mano a mano con Manuel Andujar en la etapa, pero el ganador del Rally Dakar 2020 a\u00fan manda en el acumulado con 8:49 de ventaja.<\/p>\n<p style=\"font-weight: 400;\">La tercera etapa del Desaf\u00edo Ruta 40 YPF, a correrse este mi\u00e9rcoles 30, ser\u00e1 un duelo de altura. Y no s\u00f3lo por la gran batalla que viviremos en los caminos sino porque luego de un inicio en un campo traviesa muy veloz, el recorrido de 268 km de especial lleva a los pilotos hasta superar los 2600 metros de altura sobre el nivel del mar, precisamente cuando se interna en una zona de dunas blandas con vegetaci\u00f3n baja que exigir\u00e1 el f\u00edsico de los pilotos y tambi\u00e9n a las m\u00e1quinas.<\/p>\n<p style=\"font-weight: 400;\">La secci\u00f3n selectiva, que se desarrollar\u00e1 en el norte de Bel\u00e9n en la zona de Pie de M\u00e9dano, luego ingresa a un sector de r\u00edos secos que se entremezclan con huellas muy deterioradas, en lo que va a ser una prueba verdaderamente exigente y donde todo puede pasar.<\/p>\n<p style=\"font-weight: 400;\">La carrera retornar\u00e1 al campamento despu\u00e9s de las 15 horas para los primeros participantes.<\/p>\n","protected":false},"excerpt":{"rendered":"<p>El Desaf\u00edo Ruta 40, fecha del Campeonato Mundial de Rally Raid, ingres\u00f3 a Catamarca el martes 29 para visitar primeramente<\/p>\n","protected":false},"author":1,"featured_media":6999,"comment_status":"closed","ping_status":"closed","sticky":false,"template":"","format":"standard","meta":{"footnotes":"","jetpack_publicize_message":"","jetpack_publicize_feature_enabled":true,"jetpack_social_post_already_shared":true,"jetpack_social_options":{"image_generator_settings":{"template":"highway","enabled":false},"version":2}},"categories":[9],"tags":[],"class_list":["post-6998","post","type-post","status-publish","format-standard","has-post-thumbnail","hentry","category-deportes"],"jetpack_publicize_connections":[],"_links":{"self":[{"href":"https:\/\/diariorepublica.com.ar\/web\/index.php\/wp-json\/wp\/v2\/posts\/6998"}],"collection":[{"href":"https:\/\/diariorepublica.com.ar\/web\/index.php\/wp-json\/wp\/v2\/posts"}],"about":[{"href":"https:\/\/diariorepublica.com.ar\/web\/index.php\/wp-json\/wp\/v2\/types\/post"}],"author":[{"embeddable":true,"href":"https:\/\/diariorepublica.com.ar\/web\/index.php\/wp-json\/wp\/v2\/users\/1"}],"replies":[{"embeddable":true,"href":"https:\/\/diariorepublica.com.ar\/web\/index.php\/wp-json\/wp\/v2\/comments?post=6998"}],"version-history":[{"count":1,"href":"https:\/\/diariorepublica.com.ar\/web\/index.php\/wp-json\/wp\/v2\/posts\/6998\/revisions"}],"predecessor-version":[{"id":7000,"href":"https:\/\/diariorepublica.com.ar\/web\/index.php\/wp-json\/wp\/v2\/posts\/6998\/revisions\/7000"}],"wp:featuredmedia":[{"embeddable":true,"href":"https:\/\/diariorepublica.com.ar\/web\/index.php\/wp-json\/wp\/v2\/media\/6999"}],"wp:attachment":[{"href":"https:\/\/diariorepublica.com.ar\/web\/index.php\/wp-json\/wp\/v2\/media?parent=6998"}],"wp:term":[{"taxonomy":"category","embeddable":true,"href":"https:\/\/diariorepublica.com.ar\/web\/index.php\/wp-json\/wp\/v2\/categories?post=6998"},{"taxonomy":"post_tag","embeddable":true,"href":"https:\/\/diariorepublica.com.ar\/web\/index.php\/wp-json\/wp\/v2\/tags?post=6998"}],"curies":[{"name":"wp","href":"https:\/\/api.w.org\/{rel}","templated":true}]}}