{"id":7007,"date":"2023-08-31T06:57:12","date_gmt":"2023-08-31T09:57:12","guid":{"rendered":"https:\/\/diariorepublica.com.ar\/web\/?p=7007"},"modified":"2023-08-31T06:57:14","modified_gmt":"2023-08-31T09:57:14","slug":"el-adversario-es-el-gobierno-de-la-provincia","status":"publish","type":"post","link":"https:\/\/diariorepublica.com.ar\/web\/index.php\/politica\/2023\/08\/31\/el-adversario-es-el-gobierno-de-la-provincia\/","title":{"rendered":"\u00abEl adversario es el Gobierno de la Provincia\u00bb"},"content":{"rendered":"<p>Los principales referentes de Juntos por el Cambio se reunieron en un sal\u00f3n ubicado en San Isidro, Valle Viejo, con la participaci\u00f3n del candidato a gobernador, Flavio Fama y su compa\u00f1ero, Hugo \u00c1vila, pero adem\u00e1s con la presencia de muchos candidatos del interior y de la lista que result\u00f3 derrotada en las PASO y coincidieron en que de cara a las elecciones generales de octubre \u00abel adversario es el Gobierno\u00bb.<\/p>\n<p>En un mensaje a todos los presentes, Fama y \u00c1vila arengaron a los candidatos electos de la provincia y pusieron el foco en que de cara a esta segunda etapa de la campa\u00f1a \u00abel adversario es el Gobierno de Ra\u00fal Jalil\u00bb. El encuentro fue oportunidad propicia para reforzar cr\u00edticas a la gesti\u00f3n del Ejecutivo, especialmente por parte de los dirigentes del interior.<\/p>\n<p>Respecto a la performance electoral, destacaron el crecimiento de La Libertad Avanza, potenciada en la figura de Javier Milei y coincidieron en que la situaci\u00f3n econ\u00f3mica a nivel nacional y la falta de respuestas de la pol\u00edtica \u00abhacen comprensible este escenario\u00bb. En tal sentido reforzaron el respaldo a la candidata presidencial de JPC, Patricia Bullrich, con quien varios dirigentes se reunir\u00e1n en las pr\u00f3ximas horas.<\/p>\n","protected":false},"excerpt":{"rendered":"<p>Los principales referentes de Juntos por el Cambio se reunieron en un sal\u00f3n ubicado en San Isidro, Valle Viejo, con<\/p>\n","protected":false},"author":2,"featured_media":7008,"comment_status":"closed","ping_status":"closed","sticky":false,"template":"","format":"standard","meta":{"footnotes":"","jetpack_publicize_message":"","jetpack_publicize_feature_enabled":true,"jetpack_social_post_already_shared":true,"jetpack_social_options":{"image_generator_settings":{"template":"highway","enabled":false},"version":2}},"categories":[12],"tags":[],"class_list":["post-7007","post","type-post","status-publish","format-standard","has-post-thumbnail","hentry","category-politica"],"jetpack_publicize_connections":[],"_links":{"self":[{"href":"https:\/\/diariorepublica.com.ar\/web\/index.php\/wp-json\/wp\/v2\/posts\/7007"}],"collection":[{"href":"https:\/\/diariorepublica.com.ar\/web\/index.php\/wp-json\/wp\/v2\/posts"}],"about":[{"href":"https:\/\/diariorepublica.com.ar\/web\/index.php\/wp-json\/wp\/v2\/types\/post"}],"author":[{"embeddable":true,"href":"https:\/\/diariorepublica.com.ar\/web\/index.php\/wp-json\/wp\/v2\/users\/2"}],"replies":[{"embeddable":true,"href":"https:\/\/diariorepublica.com.ar\/web\/index.php\/wp-json\/wp\/v2\/comments?post=7007"}],"version-history":[{"count":1,"href":"https:\/\/diariorepublica.com.ar\/web\/index.php\/wp-json\/wp\/v2\/posts\/7007\/revisions"}],"predecessor-version":[{"id":7009,"href":"https:\/\/diariorepublica.com.ar\/web\/index.php\/wp-json\/wp\/v2\/posts\/7007\/revisions\/7009"}],"wp:featuredmedia":[{"embeddable":true,"href":"https:\/\/diariorepublica.com.ar\/web\/index.php\/wp-json\/wp\/v2\/media\/7008"}],"wp:attachment":[{"href":"https:\/\/diariorepublica.com.ar\/web\/index.php\/wp-json\/wp\/v2\/media?parent=7007"}],"wp:term":[{"taxonomy":"category","embeddable":true,"href":"https:\/\/diariorepublica.com.ar\/web\/index.php\/wp-json\/wp\/v2\/categories?post=7007"},{"taxonomy":"post_tag","embeddable":true,"href":"https:\/\/diariorepublica.com.ar\/web\/index.php\/wp-json\/wp\/v2\/tags?post=7007"}],"curies":[{"name":"wp","href":"https:\/\/api.w.org\/{rel}","templated":true}]}}