{"id":7054,"date":"2023-08-31T14:16:00","date_gmt":"2023-08-31T17:16:00","guid":{"rendered":"https:\/\/diariorepublica.com.ar\/web\/?p=7054"},"modified":"2023-08-31T17:19:13","modified_gmt":"2023-08-31T20:19:13","slug":"dolor-absoluto-por-la-muerte-de-silvina-luna-a-sus-43-anos-de-edad","status":"publish","type":"post","link":"https:\/\/diariorepublica.com.ar\/web\/index.php\/espectaculos\/2023\/08\/31\/dolor-absoluto-por-la-muerte-de-silvina-luna-a-sus-43-anos-de-edad\/","title":{"rendered":"Dolor absoluto por la muerte de Silvina Luna a sus 43 a\u00f1os de edad"},"content":{"rendered":"<p>Tras\u00a0el constante sufrimiento por su insuficiencia renal Silvina Luna falleci\u00f3 este jueves pasadas las 13:00.<\/p>\n<p>La modelo, actriz, escritora y exparticipante de\u00a0<b><i>Gran Hermano 2<\/i><\/b>\u00a0(2001) hab\u00eda sido internada el pasado 14 de junio de 2023 en el Hospital Italiano de la Ciudad de Buenos Aires, donde\u00a0<strong>permaneci\u00f3 casi 80 d\u00edas<\/strong>.<\/p>\n<p>Tras varias semanas de lenta mejor\u00eda, el cuadro de Silvina se volvi\u00f3 a complicar a comienzos de agosto, pasando de la habitaci\u00f3n com\u00fan a la que hab\u00eda sido trasladada a\u00a0una nueva terapia intensiva, con el hallazgo de agua en sus pulmones seg\u00fan explic\u00f3 su hermano, Ezequiel.\u00a0<strong>La semana pasada se contagi\u00f3 Covid.<\/strong><\/p>\n<p>La salud de Silvina Luna se fue deteriorando desde el a\u00f1o 2011, cuando sufri\u00f3 una\u00a0<b>infecci\u00f3n con metacrilato<\/b>\u00a0al realizarse una intervenci\u00f3n est\u00e9tica con\u00a0<b>An\u00edbal Lotocki<\/b>, doctor que al d\u00eda de hoy\u00a0tiene prohibido ejercer la medicina por m\u00faltiples causas de mala praxis\u00a0y que permanece en libertad porque no hay una sentencia firme en su contra.<\/p>\n<p>Meses antes de su muerte,\u00a0<b>Silvina estaba realiz\u00e1ndose di\u00e1lisis tres veces por semana y durante cuatro horas debido a que sus ri\u00f1ones hab\u00edan dejado de funcionar<\/b>, y a comienzos del mes de junio\u00a0fue operada para vencer a una bacteria con el fin de estar apta para un posible trasplante en el futuro.<\/p>\n<p>Silvina Noelia Luna naci\u00f3 en\u00a0<b>Rosario, Santa Fe<\/b>, el 21 de junio de 1980, e inici\u00f3 su carrera en el medio siendo modelo publicitaria. La fama le lleg\u00f3 en el reality de la casa m\u00e1s famosa del mundo a sus 21 a\u00f1os de edad,\u00a0donde result\u00f3\u00a0<b>subcampeona de la edici\u00f3n en la que se coron\u00f3 Roberto Parra<\/b>.<\/p>\n<p>Ya siendo famosa, Silvina\u00a0<b>se esmer\u00f3 en alcanzar el estrellato tanto como modelo como con la actuaci\u00f3n<\/b>, tomando distintas clases y seminarios con distintos referentes del rubro, como Julio Ch\u00e1vez.<\/p>\n<p>Sus primeros papeles en ficciones televisivas fueron en distintos sketches de\u00a0<b><i>Pon\u00e9 a Francella<\/i><\/b>, y tambi\u00e9n trabaj\u00f3 en tiras, telenovelas y ficciones como\u00a0<i>Amor en custodia<\/i>,\u00a0<i>Los Rold\u00e1n<\/i>,\u00a0<i>Casados con Hijos<\/i>,\u00a0<i>Son de Fierro<\/i>,\u00a0<i>Maltratadas<\/i>,\u00a0<i>Ciega a citas<\/i>,\u00a0<i>La Pelu<\/i>,\u00a0\u00a0<i>Los Grimaldi<\/i>,\u00a0<i>Se\u00f1ores Papis<\/i>\u00a0y\u00a0<i>Las Estrellas<\/i>, entre muchas otras.<\/p>\n<p>El teatro de revista y varias comedias tuvieron a Luna como una importante figura en sus elencos, especialmente en la Avenida Corrientes y en las temporadas de verano de Villa Carlos Paz. Algunos de los t\u00edtulos en los que particip\u00f3 fueron\u00a0<b><i>El champ\u00e1n las pone mimosas\u00a0<\/i><\/b>(2006),\u00a0<b><i>Algunas mujeres a las que le cagu\u00e9 la vida\u00a0<\/i><\/b>(2016)\u00a0y\u00a0<b><i>Abracadabra\u00a0<\/i><\/b>(2016-17), entre otros.<\/p>\n<p>La vedette tambi\u00e9n mostr\u00f3 sus dotes para la danza en distintas ediciones del\u00a0<b><i>Bailando por un sue\u00f1o<\/i><\/b>\u00a0en\u00a0<i>ShowMatch<\/i>, y fue part\u00edcipe de otros realities y big shows como\u00a0<b><i>Celebrity Splash<\/i><\/b>\u00a0y\u00a0<b><i>Tu cara me suena<\/i><\/b>\u00a0en la pantalla de Telefe, canal en el que tambi\u00e9n condujo segmentos de\u00a0<b><i>Gran Hermano 2011<\/i><\/b>.<\/p>\n<p>En el s\u00e9ptimo arte, Silvina fue protagonista de\u00a0<i>El vagoneta en el mundo del cine\u00a0<\/i>y de\u00a0<i>Loco ella, loco yo<\/i>.<\/p>\n<p>Los \u00faltimos trabajos de Silvina en los medios fueron vinculados al panel, en ciclos como\u00a0<i>Incorrectas<\/i>\u00a0(2018),\u00a0<i>El Show del Problema<\/i>\u00a0(2020) y\u00a0<i>Flor de equipo<\/i>\u00a0(2022), y tambi\u00e9n en el reality, con una breve estad\u00eda en\u00a0<b><i>El Hotel de los Famosos<\/i><\/b>\u00a0(2022).<\/p>\n<p>Antes de que su salud empeorara y la obligara a volver a la Argentina, Silvina hab\u00eda iniciado\u00a0<b>una nueva vida a fines de 2020 en el Caribe<\/b>,\u00a0<b>dedic\u00e1ndose al coaching ontol\u00f3gico junto a un grupo de personas<\/b>\u00a0e instal\u00e1ndose en las paradis\u00edacas playas Bocas del Toro, Panam\u00e1.<\/p>\n<p>Con sus allegados de este grupo, Luna cre\u00f3 el movimiento\u00a0<b>\u201cSimple y consciente\u201d<\/b>\u00a0y lanz\u00f3 un libro con ese mismo nombre a fines de 2022.<\/p>\n","protected":false},"excerpt":{"rendered":"<p>Tras\u00a0el constante sufrimiento por su insuficiencia renal Silvina Luna falleci\u00f3 este jueves pasadas las 13:00. La modelo, actriz, escritora y<\/p>\n","protected":false},"author":1,"featured_media":7055,"comment_status":"closed","ping_status":"closed","sticky":false,"template":"","format":"standard","meta":{"footnotes":"","jetpack_publicize_message":"","jetpack_publicize_feature_enabled":true,"jetpack_social_post_already_shared":true,"jetpack_social_options":{"image_generator_settings":{"template":"highway","enabled":false},"version":2}},"categories":[7],"tags":[],"class_list":["post-7054","post","type-post","status-publish","format-standard","has-post-thumbnail","hentry","category-espectaculos"],"jetpack_publicize_connections":[],"_links":{"self":[{"href":"https:\/\/diariorepublica.com.ar\/web\/index.php\/wp-json\/wp\/v2\/posts\/7054"}],"collection":[{"href":"https:\/\/diariorepublica.com.ar\/web\/index.php\/wp-json\/wp\/v2\/posts"}],"about":[{"href":"https:\/\/diariorepublica.com.ar\/web\/index.php\/wp-json\/wp\/v2\/types\/post"}],"author":[{"embeddable":true,"href":"https:\/\/diariorepublica.com.ar\/web\/index.php\/wp-json\/wp\/v2\/users\/1"}],"replies":[{"embeddable":true,"href":"https:\/\/diariorepublica.com.ar\/web\/index.php\/wp-json\/wp\/v2\/comments?post=7054"}],"version-history":[{"count":1,"href":"https:\/\/diariorepublica.com.ar\/web\/index.php\/wp-json\/wp\/v2\/posts\/7054\/revisions"}],"predecessor-version":[{"id":7056,"href":"https:\/\/diariorepublica.com.ar\/web\/index.php\/wp-json\/wp\/v2\/posts\/7054\/revisions\/7056"}],"wp:featuredmedia":[{"embeddable":true,"href":"https:\/\/diariorepublica.com.ar\/web\/index.php\/wp-json\/wp\/v2\/media\/7055"}],"wp:attachment":[{"href":"https:\/\/diariorepublica.com.ar\/web\/index.php\/wp-json\/wp\/v2\/media?parent=7054"}],"wp:term":[{"taxonomy":"category","embeddable":true,"href":"https:\/\/diariorepublica.com.ar\/web\/index.php\/wp-json\/wp\/v2\/categories?post=7054"},{"taxonomy":"post_tag","embeddable":true,"href":"https:\/\/diariorepublica.com.ar\/web\/index.php\/wp-json\/wp\/v2\/tags?post=7054"}],"curies":[{"name":"wp","href":"https:\/\/api.w.org\/{rel}","templated":true}]}}