{"id":7079,"date":"2023-09-01T09:55:00","date_gmt":"2023-09-01T12:55:00","guid":{"rendered":"https:\/\/diariorepublica.com.ar\/web\/?p=7079"},"modified":"2023-09-01T07:56:43","modified_gmt":"2023-09-01T10:56:43","slug":"central-cordoba-y-platense-abren-la-tercera-fecha-de-la-copa-de-la-liga","status":"publish","type":"post","link":"https:\/\/diariorepublica.com.ar\/web\/index.php\/deportes\/2023\/09\/01\/central-cordoba-y-platense-abren-la-tercera-fecha-de-la-copa-de-la-liga\/","title":{"rendered":"Central C\u00f3rdoba y Platense abren la tercera fecha de la Copa de la Liga"},"content":{"rendered":"<article id=\"article-post\" class=\"first\">\n<div class=\"cuerpo\" data-twitter-link=\"https:\/\/twitter.com\/intent\/tweet?url=https:\/\/www.diariopopular.com.ar\/c738915&amp;via=poopulardiario&amp;related=Popular&amp;text=\">\n<p><strong>Central C\u00f3rdoba de Santiago del Estero<\/strong>\u00a0recibir\u00e1 esta noche a\u00a0<strong>Platense\u00a0<\/strong>en un encuentro v\u00e1lido por la Zona B que marcar\u00e1 el inicio de la tercera fecha de la<strong>\u00a0Copa de la Liga.<\/strong><\/p>\n<\/div>\n<\/article>\n<article id=\"article-post\">\n<div class=\"cuerpo\" data-twitter-link=\"https:\/\/twitter.com\/intent\/tweet?url=https:\/\/www.diariopopular.com.ar\/c738915&amp;via=poopulardiario&amp;related=Popular&amp;text=\">\n<p>El partido se jugar\u00e1 desde las 21 en el estadio Alfredo Terrera, contar\u00e1 con el arbitraje de Nazareno Arasa y ser\u00e1 televisado por la se\u00f1al de ESPN Premium.<\/p>\n<p>El Ferroviario se ubica en la \u00faltima posici\u00f3n de la tabla sin unidades, al igual que Tigre, Estudiantes y Lan\u00fas, tras las derrotas ante Newell&#8217;s Old Boys (2-0) y Godoy Cruz (1-0), en la primera y segunda fecha, respectivamente.<\/p>\n<p>Platense, por su parte, se encuentra en la d\u00e9cima y ubicaci\u00f3n con s\u00f3lo un punto, tras la derrota ante Boca Juniors por 3 a 1 en su debut y la igualdad posterior con Defensa y Justicia 1 a 1.<\/p>\n<p><strong>Probables formaciones:<\/strong><\/p>\n<p><strong>Central C\u00f3rdoba (SdE)<\/strong>: Mat\u00edas Mansilla; Jos\u00e9 G\u00f3mez, Gonzalo Go\u00f1i, Sebasti\u00e1n Valdez, Gustavo Canto; Maximiliano Alvez, Dardo Miloc, Ram\u00f3n Cancinos; Michael Rangel, Nicol\u00e1s Leguizam\u00f3n y Lucas Gamba. Director t\u00e9cnico: Omar De Felippe.<\/p>\n<p><strong>Platense<\/strong>: Ramiro Macagno; Ra\u00fal Lozano, Ignacio V\u00e1zquez, Gast\u00f3n Suso, Sasha Marcich; Nicol\u00e1s Castro, Iv\u00e1n Rossi, Gabriel Gudi\u00f1o, Luciano Ferreyra, Lucas Ocampo; Nicol\u00e1s Servetto. Director t\u00e9cnico: Mart\u00edn Palermo.<\/p>\n<p><strong>\u00c1rbitro<\/strong>: Nazareno Arasa.<\/p>\n<p><strong>Estadio<\/strong>: Central C\u00f3rdoba de Santiago del Estero.<\/p>\n<p><strong>Hora:<\/strong>\u00a021.<\/p>\n<p><strong>TV<\/strong>: ESPN Premium.<\/p>\n<\/div>\n<\/article>\n","protected":false},"excerpt":{"rendered":"<p>Central C\u00f3rdoba de Santiago del Estero\u00a0recibir\u00e1 esta noche a\u00a0Platense\u00a0en un encuentro v\u00e1lido por la Zona B que marcar\u00e1 el inicio<\/p>\n","protected":false},"author":1,"featured_media":7080,"comment_status":"closed","ping_status":"closed","sticky":false,"template":"","format":"standard","meta":{"footnotes":"","jetpack_publicize_message":"","jetpack_publicize_feature_enabled":true,"jetpack_social_post_already_shared":true,"jetpack_social_options":{"image_generator_settings":{"template":"highway","enabled":false},"version":2}},"categories":[9],"tags":[],"class_list":["post-7079","post","type-post","status-publish","format-standard","has-post-thumbnail","hentry","category-deportes"],"jetpack_publicize_connections":[],"_links":{"self":[{"href":"https:\/\/diariorepublica.com.ar\/web\/index.php\/wp-json\/wp\/v2\/posts\/7079"}],"collection":[{"href":"https:\/\/diariorepublica.com.ar\/web\/index.php\/wp-json\/wp\/v2\/posts"}],"about":[{"href":"https:\/\/diariorepublica.com.ar\/web\/index.php\/wp-json\/wp\/v2\/types\/post"}],"author":[{"embeddable":true,"href":"https:\/\/diariorepublica.com.ar\/web\/index.php\/wp-json\/wp\/v2\/users\/1"}],"replies":[{"embeddable":true,"href":"https:\/\/diariorepublica.com.ar\/web\/index.php\/wp-json\/wp\/v2\/comments?post=7079"}],"version-history":[{"count":1,"href":"https:\/\/diariorepublica.com.ar\/web\/index.php\/wp-json\/wp\/v2\/posts\/7079\/revisions"}],"predecessor-version":[{"id":7081,"href":"https:\/\/diariorepublica.com.ar\/web\/index.php\/wp-json\/wp\/v2\/posts\/7079\/revisions\/7081"}],"wp:featuredmedia":[{"embeddable":true,"href":"https:\/\/diariorepublica.com.ar\/web\/index.php\/wp-json\/wp\/v2\/media\/7080"}],"wp:attachment":[{"href":"https:\/\/diariorepublica.com.ar\/web\/index.php\/wp-json\/wp\/v2\/media?parent=7079"}],"wp:term":[{"taxonomy":"category","embeddable":true,"href":"https:\/\/diariorepublica.com.ar\/web\/index.php\/wp-json\/wp\/v2\/categories?post=7079"},{"taxonomy":"post_tag","embeddable":true,"href":"https:\/\/diariorepublica.com.ar\/web\/index.php\/wp-json\/wp\/v2\/tags?post=7079"}],"curies":[{"name":"wp","href":"https:\/\/api.w.org\/{rel}","templated":true}]}}