{"id":7104,"date":"2023-09-02T00:17:00","date_gmt":"2023-09-02T03:17:00","guid":{"rendered":"https:\/\/diariorepublica.com.ar\/web\/?p=7104"},"modified":"2023-09-02T18:18:04","modified_gmt":"2023-09-02T21:18:04","slug":"el-vicegobernador-dusso-estuvo-junto-al-embajador-de-vietnam","status":"publish","type":"post","link":"https:\/\/diariorepublica.com.ar\/web\/index.php\/locales\/2023\/09\/02\/el-vicegobernador-dusso-estuvo-junto-al-embajador-de-vietnam\/","title":{"rendered":"El vicegobernador Dusso estuvo junto al embajador de Vietnam"},"content":{"rendered":"<p>El vicegobernador Dusso particip\u00f3 este viernes en Buenos Aires de las celebraciones por el 78\u00b0 Aniversario de la proclamaci\u00f3n de Independencia de la Rep\u00fablica de Vietnam.<\/p>\n<p>Invitado por el embajador de la Rep\u00fablica de Vietnam D\u01b0\u01a1ng Qu\u1ed1c Thanh, el vicegobernador se hizo parte en un encuentro que contin\u00faa las relaciones de cordialidad y cooperaci\u00f3n que vienen desarroll\u00e1ndose entre la provincia de Catamarca y los pa\u00edses de oriente, de la mano del proyecto del Corredor Bioce\u00e1nico Ferroviario por el Paso de San Francisco.<\/p>\n<p>Cabe recordar que en el marco de este dicho proyecto estrat\u00e9gico de log\u00edstica para el comercio exterior, Dusso hab\u00eda recibido en agosto del 2022 al embajador de Vietnam junto a sus pares de Malasia, Filipinas y Tailandia.<\/p>\n","protected":false},"excerpt":{"rendered":"<p>El vicegobernador Dusso particip\u00f3 este viernes en Buenos Aires de las celebraciones por el 78\u00b0 Aniversario de la proclamaci\u00f3n de<\/p>\n","protected":false},"author":1,"featured_media":7105,"comment_status":"closed","ping_status":"closed","sticky":false,"template":"","format":"standard","meta":{"footnotes":"","jetpack_publicize_message":"","jetpack_publicize_feature_enabled":true,"jetpack_social_post_already_shared":true,"jetpack_social_options":{"image_generator_settings":{"template":"highway","enabled":false},"version":2}},"categories":[2],"tags":[],"class_list":["post-7104","post","type-post","status-publish","format-standard","has-post-thumbnail","hentry","category-locales"],"jetpack_publicize_connections":[],"_links":{"self":[{"href":"https:\/\/diariorepublica.com.ar\/web\/index.php\/wp-json\/wp\/v2\/posts\/7104"}],"collection":[{"href":"https:\/\/diariorepublica.com.ar\/web\/index.php\/wp-json\/wp\/v2\/posts"}],"about":[{"href":"https:\/\/diariorepublica.com.ar\/web\/index.php\/wp-json\/wp\/v2\/types\/post"}],"author":[{"embeddable":true,"href":"https:\/\/diariorepublica.com.ar\/web\/index.php\/wp-json\/wp\/v2\/users\/1"}],"replies":[{"embeddable":true,"href":"https:\/\/diariorepublica.com.ar\/web\/index.php\/wp-json\/wp\/v2\/comments?post=7104"}],"version-history":[{"count":1,"href":"https:\/\/diariorepublica.com.ar\/web\/index.php\/wp-json\/wp\/v2\/posts\/7104\/revisions"}],"predecessor-version":[{"id":7106,"href":"https:\/\/diariorepublica.com.ar\/web\/index.php\/wp-json\/wp\/v2\/posts\/7104\/revisions\/7106"}],"wp:featuredmedia":[{"embeddable":true,"href":"https:\/\/diariorepublica.com.ar\/web\/index.php\/wp-json\/wp\/v2\/media\/7105"}],"wp:attachment":[{"href":"https:\/\/diariorepublica.com.ar\/web\/index.php\/wp-json\/wp\/v2\/media?parent=7104"}],"wp:term":[{"taxonomy":"category","embeddable":true,"href":"https:\/\/diariorepublica.com.ar\/web\/index.php\/wp-json\/wp\/v2\/categories?post=7104"},{"taxonomy":"post_tag","embeddable":true,"href":"https:\/\/diariorepublica.com.ar\/web\/index.php\/wp-json\/wp\/v2\/tags?post=7104"}],"curies":[{"name":"wp","href":"https:\/\/api.w.org\/{rel}","templated":true}]}}